{"id":4451,"date":"2025-01-07T16:26:21","date_gmt":"2025-01-07T22:26:21","guid":{"rendered":"https:\/\/www.univa.mx\/agora\/?p=4451"},"modified":"2025-01-08T11:31:24","modified_gmt":"2025-01-08T17:31:24","slug":"turismo-y-cultura-organizacional-el-desafio-de-las-micro-y-pequenas-empresas-turisticas-de-colima","status":"publish","type":"post","link":"https:\/\/www.univa.mx\/agora\/turismo-y-cultura-organizacional-el-desafio-de-las-micro-y-pequenas-empresas-turisticas-de-colima\/","title":{"rendered":"Turismo y Cultura Organizacional: El desaf\u00edo de las micro y peque\u00f1as empresas tur\u00edsticas de Colima"},"content":{"rendered":"<p><em><strong>Dr. Vicente Alejandro Jim\u00e9nez Olivera \u00b7 Docente, UNIVA Colima\u00a0<\/strong><\/em><\/p>\n<p>El turismo en M\u00e9xico se ha consolidado como un motor econ\u00f3mico crucial, particularmente en estados como Colima, donde las micro y peque\u00f1as empresas tur\u00edsticas representan una parte importante de las unidades econ\u00f3micas presentes en el estado. Sin embargo, dichas empresas enfrentan retos significativos en competitividad y productividad debido a su actual cultura organizacional predominante. Este art\u00edculo plantea brevemente c\u00f3mo una transformaci\u00f3n cultural estrat\u00e9gica puede ser a la vez un catalizador para la sostenibilidad y el crecimiento de un sector altamente vulnerable y din\u00e1mico como lo es el turismo.<\/p>\n<p>Las micro y peque\u00f1as empresas suelen ser estudiadas regularmente de forma gen\u00e9rica. Si bien comparten problem\u00e1ticas y formas de operar tambi\u00e9n es importante reconocer y sobre todo entender sus marcadas diferencias, sus giros y contextos. En el caso particular de las empresas tur\u00edsticas de Colima, tales como hoteles, restaurantes, bares, agencias de viajes, y cafeter\u00edas, pertenecientes al giro tur\u00edstico, siguen siendo negocios familiares que operan bajo una cultura de tipo \u00abClan\u00bb. Este enfoque o forma de operar la empresa, presenta aspectos positivos como el hecho de resaltar valores tales como: la cohesi\u00f3n, la lealtad y el trabajo en equipo, lo que ha permitido su permanencia en un entorno local. Sin embargo, ha fomentado que dicha estructura carezca a su vez de la adaptabilidad y orientaci\u00f3n al mercado, un aspecto tan necesario para competir a nivel no s\u00f3lo local ni nacional, sino tambi\u00e9n global. Esto ha generado que en Colima se encuentren empresas con m\u00e1s de 20 a\u00f1os de trayectoria, las cuales se encuentran en una situaci\u00f3n de estancamiento y \u201cesperando que una empresa m\u00e1s grande llegue y las cierre\u201d, seg\u00fan palabras propias de uno de los empresarios tur\u00edsticos entrevistados.<\/p>\n<p>Al respecto, el Marco de Valores en Competencia (MVC) utilizado como parte del diagn\u00f3stico conformado por 70 micro y peque\u00f1as empresas tur\u00edsticas pertenecientes a los municipios de Manzanillo, Colima, Tecom\u00e1n, Villa de \u00c1lvarez, Colima y Comala, destaca cuatro tipos de culturas organizacionales: Clan, Adhocr\u00e1tica, Jer\u00e1rquica y de Mercado. Aunque el \u00abClan\u00bb es funcional para entornos internos, su predominancia puede limitar la capacidad de innovaci\u00f3n y respuesta a las demandas del turismo global. Resulta imperativo que estas empresas tur\u00edsticas transiten hacia una cultura orientada al mercado, donde la competitividad y los objetivos estrat\u00e9gicos sean prioridad. Cabe se\u00f1alar que dichos enfoques no se limitan s\u00f3lo a empresas pertenecientes al sector tur\u00edstico, por el contrario, su enfoque estrat\u00e9gico puede y quiz\u00e1s deber\u00eda ser adoptado por empresas de los diversos sectores econ\u00f3micos.<\/p>\n<p>Adicionalmente y d\u00eda con d\u00eda, factores como la falta de financiamiento, aunado a la poca o nula capacitaci\u00f3n t\u00e9cnica brindada al interior de las MiPymes tur\u00edsticas entorpecen sus operaciones diarias. La percepci\u00f3n fragmentada de la realidad organizacional actual, originada en las din\u00e1micas familiares y educativas, perpet\u00faa una zona de confort que inhibe el cambio. Sin una transformaci\u00f3n cultural, estas empresas permanecer\u00e1n indefinidamente estancadas en un modelo operativo reactivo y de corto plazo, poco sostenible en la turbulencia actual, limitadas e incluso paralizadas frente a crisis venideras como la vivida duran el surgimiento del COVID-19.<\/p>\n<p>Parte fundamental del \u00e9xito de las micro y peque\u00f1as empresas tur\u00edsticas de Colima radica en su capacidad para adoptar una cultura organizacional que equilibre la estabilidad interna con la flexibilidad externa. Esto implica un cambio en la mentalidad de la alta direcci\u00f3n, priorizando estrategias de innovaci\u00f3n y adaptaci\u00f3n al mercado, sin perder de vista las virtudes y beneficios de la cultura de tipo \u201cClan\u201d que ya poseen.<\/p>\n<p>Si bien los desaf\u00edos forman parte del diario vivir de las empresas una transici\u00f3n hacia una cultura organizacional de tipo \u00abMercado\u00bb podr\u00eda quiz\u00e1s garantizar cierto grado de sostenibilidad de \u00e9stas, al mismo tiempo que potenciar\u00eda el desarrollo econ\u00f3mico y tur\u00edstico del estado de Colima. Es momento de que empresarios, acad\u00e9micos y gobierno colaboren para transformar las estructuras mentales y organizacionales de este sector clave para M\u00e9xico, permitiendo as\u00ed un mejor desempe\u00f1o interno y externo de las empresas tur\u00edsticas del pa\u00eds.<\/p>\n<p>&nbsp;<\/p>\n","protected":false},"excerpt":{"rendered":"<p>Dr. Vicente Alejandro Jim\u00e9nez Olivera&#8230;<\/p>\n","protected":false},"author":40,"featured_media":4452,"comment_status":"closed","ping_status":"closed","sticky":false,"template":"","format":"standard","meta":{"footnotes":""},"categories":[6,17],"tags":[],"class_list":["post-4451","post","type-post","status-publish","format-standard","has-post-thumbnail","category-lideres-de-opinion","category-voces-univa"],"yoast_head":"<!-- This site is optimized with the Yoast SEO plugin v28.0 - https:\/\/yoast.com\/product\/yoast-seo-wordpress\/ -->\n<title>Turismo y Cultura Organizacional: El desaf\u00edo de las micro y peque\u00f1as empresas tur\u00edsticas de Colima - \u00c1gora<\/title>\n<meta name=\"description\" content=\"El turismo en M\u00e9xico se ha consolidado como un motor econ\u00f3mico crucial, particularmente en estados como Colima, donde las micro y peque\u00f1as empresas tur\u00edsticas representan una parte importante de las unidades econ\u00f3micas presentes en el estado.\" \/>\n<meta name=\"robots\" content=\"index, follow, max-snippet:-1, max-image-preview:large, max-video-preview:-1\" \/>\n<link rel=\"canonical\" href=\"https:\/\/www.univa.mx\/agora\/turismo-y-cultura-organizacional-el-desafio-de-las-micro-y-pequenas-empresas-turisticas-de-colima\/\" \/>\n<meta property=\"og:locale\" content=\"es_ES\" \/>\n<meta property=\"og:type\" content=\"article\" \/>\n<meta property=\"og:title\" content=\"Turismo y Cultura Organizacional: El desaf\u00edo de las micro y peque\u00f1as empresas tur\u00edsticas de Colima - \u00c1gora\" \/>\n<meta property=\"og:description\" content=\"El turismo en M\u00e9xico se ha consolidado como un motor econ\u00f3mico crucial, particularmente en estados como Colima, donde las micro y peque\u00f1as empresas tur\u00edsticas representan una parte importante de las unidades econ\u00f3micas presentes en el estado.\" \/>\n<meta property=\"og:url\" content=\"https:\/\/www.univa.mx\/agora\/turismo-y-cultura-organizacional-el-desafio-de-las-micro-y-pequenas-empresas-turisticas-de-colima\/\" \/>\n<meta property=\"og:site_name\" content=\"\u00c1gora\" \/>\n<meta property=\"article:published_time\" content=\"2025-01-07T22:26:21+00:00\" \/>\n<meta property=\"article:modified_time\" content=\"2025-01-08T17:31:24+00:00\" \/>\n<meta property=\"og:image\" content=\"https:\/\/www.univa.mx\/agora\/wp-content\/uploads\/sites\/14\/2025\/01\/Vicente-Jimenez.gif\" \/>\n\t<meta property=\"og:image:width\" content=\"1280\" \/>\n\t<meta property=\"og:image:height\" content=\"720\" \/>\n\t<meta property=\"og:image:type\" content=\"image\/gif\" \/>\n<meta name=\"author\" content=\"Comunicaci\u00f3n Sistema UNIVA\" \/>\n<meta name=\"twitter:card\" content=\"summary_large_image\" \/>\n<meta name=\"twitter:label1\" content=\"Escrito por\" \/>\n\t<meta name=\"twitter:data1\" content=\"Comunicaci\u00f3n Sistema UNIVA\" \/>\n\t<meta name=\"twitter:label2\" content=\"Tiempo de lectura\" \/>\n\t<meta name=\"twitter:data2\" content=\"1 minuto\" \/>\n<script type=\"application\/ld+json\" class=\"yoast-schema-graph\">{\"@context\":\"https:\\\/\\\/schema.org\",\"@graph\":[{\"@type\":\"Article\",\"@id\":\"https:\\\/\\\/www.univa.mx\\\/agora\\\/turismo-y-cultura-organizacional-el-desafio-de-las-micro-y-pequenas-empresas-turisticas-de-colima\\\/#article\",\"isPartOf\":{\"@id\":\"https:\\\/\\\/www.univa.mx\\\/agora\\\/turismo-y-cultura-organizacional-el-desafio-de-las-micro-y-pequenas-empresas-turisticas-de-colima\\\/\"},\"author\":{\"name\":\"Comunicaci\u00f3n Sistema UNIVA\",\"@id\":\"https:\\\/\\\/www.univa.mx\\\/agora\\\/#\\\/schema\\\/person\\\/698af210c9a2ad5b61255af506d223e3\"},\"headline\":\"Turismo y Cultura Organizacional: El desaf\u00edo de las micro y peque\u00f1as empresas tur\u00edsticas de Colima\",\"datePublished\":\"2025-01-07T22:26:21+00:00\",\"dateModified\":\"2025-01-08T17:31:24+00:00\",\"mainEntityOfPage\":{\"@id\":\"https:\\\/\\\/www.univa.mx\\\/agora\\\/turismo-y-cultura-organizacional-el-desafio-de-las-micro-y-pequenas-empresas-turisticas-de-colima\\\/\"},\"wordCount\":742,\"image\":{\"@id\":\"https:\\\/\\\/www.univa.mx\\\/agora\\\/turismo-y-cultura-organizacional-el-desafio-de-las-micro-y-pequenas-empresas-turisticas-de-colima\\\/#primaryimage\"},\"thumbnailUrl\":\"https:\\\/\\\/www.univa.mx\\\/agora\\\/wp-content\\\/uploads\\\/sites\\\/14\\\/2025\\\/01\\\/Vicente-Jimenez.gif\",\"articleSection\":[\"L\u00edderes de Opini\u00f3n\",\"Voces UNIVA\"],\"inLanguage\":\"es\"},{\"@type\":\"WebPage\",\"@id\":\"https:\\\/\\\/www.univa.mx\\\/agora\\\/turismo-y-cultura-organizacional-el-desafio-de-las-micro-y-pequenas-empresas-turisticas-de-colima\\\/\",\"url\":\"https:\\\/\\\/www.univa.mx\\\/agora\\\/turismo-y-cultura-organizacional-el-desafio-de-las-micro-y-pequenas-empresas-turisticas-de-colima\\\/\",\"name\":\"Turismo y Cultura Organizacional: El desaf\u00edo de las micro y peque\u00f1as empresas tur\u00edsticas de Colima - \u00c1gora\",\"isPartOf\":{\"@id\":\"https:\\\/\\\/www.univa.mx\\\/agora\\\/#website\"},\"primaryImageOfPage\":{\"@id\":\"https:\\\/\\\/www.univa.mx\\\/agora\\\/turismo-y-cultura-organizacional-el-desafio-de-las-micro-y-pequenas-empresas-turisticas-de-colima\\\/#primaryimage\"},\"image\":{\"@id\":\"https:\\\/\\\/www.univa.mx\\\/agora\\\/turismo-y-cultura-organizacional-el-desafio-de-las-micro-y-pequenas-empresas-turisticas-de-colima\\\/#primaryimage\"},\"thumbnailUrl\":\"https:\\\/\\\/www.univa.mx\\\/agora\\\/wp-content\\\/uploads\\\/sites\\\/14\\\/2025\\\/01\\\/Vicente-Jimenez.gif\",\"datePublished\":\"2025-01-07T22:26:21+00:00\",\"dateModified\":\"2025-01-08T17:31:24+00:00\",\"author\":{\"@id\":\"https:\\\/\\\/www.univa.mx\\\/agora\\\/#\\\/schema\\\/person\\\/698af210c9a2ad5b61255af506d223e3\"},\"description\":\"El turismo en M\u00e9xico se ha consolidado como un motor econ\u00f3mico crucial, particularmente en estados como Colima, donde las micro y peque\u00f1as empresas tur\u00edsticas representan una parte importante de las unidades econ\u00f3micas presentes en el estado.\",\"breadcrumb\":{\"@id\":\"https:\\\/\\\/www.univa.mx\\\/agora\\\/turismo-y-cultura-organizacional-el-desafio-de-las-micro-y-pequenas-empresas-turisticas-de-colima\\\/#breadcrumb\"},\"inLanguage\":\"es\",\"potentialAction\":[{\"@type\":\"ReadAction\",\"target\":[\"https:\\\/\\\/www.univa.mx\\\/agora\\\/turismo-y-cultura-organizacional-el-desafio-de-las-micro-y-pequenas-empresas-turisticas-de-colima\\\/\"]}]},{\"@type\":\"ImageObject\",\"inLanguage\":\"es\",\"@id\":\"https:\\\/\\\/www.univa.mx\\\/agora\\\/turismo-y-cultura-organizacional-el-desafio-de-las-micro-y-pequenas-empresas-turisticas-de-colima\\\/#primaryimage\",\"url\":\"https:\\\/\\\/www.univa.mx\\\/agora\\\/wp-content\\\/uploads\\\/sites\\\/14\\\/2025\\\/01\\\/Vicente-Jimenez.gif\",\"contentUrl\":\"https:\\\/\\\/www.univa.mx\\\/agora\\\/wp-content\\\/uploads\\\/sites\\\/14\\\/2025\\\/01\\\/Vicente-Jimenez.gif\",\"width\":1280,\"height\":720},{\"@type\":\"BreadcrumbList\",\"@id\":\"https:\\\/\\\/www.univa.mx\\\/agora\\\/turismo-y-cultura-organizacional-el-desafio-de-las-micro-y-pequenas-empresas-turisticas-de-colima\\\/#breadcrumb\",\"itemListElement\":[{\"@type\":\"ListItem\",\"position\":1,\"name\":\"Portada\",\"item\":\"https:\\\/\\\/www.univa.mx\\\/agora\\\/\"},{\"@type\":\"ListItem\",\"position\":2,\"name\":\"Turismo y Cultura Organizacional: El desaf\u00edo de las micro y peque\u00f1as empresas tur\u00edsticas de Colima\"}]},{\"@type\":\"WebSite\",\"@id\":\"https:\\\/\\\/www.univa.mx\\\/agora\\\/#website\",\"url\":\"https:\\\/\\\/www.univa.mx\\\/agora\\\/\",\"name\":\"\u00c1gora\",\"description\":\"\",\"potentialAction\":[{\"@type\":\"SearchAction\",\"target\":{\"@type\":\"EntryPoint\",\"urlTemplate\":\"https:\\\/\\\/www.univa.mx\\\/agora\\\/?s={search_term_string}\"},\"query-input\":{\"@type\":\"PropertyValueSpecification\",\"valueRequired\":true,\"valueName\":\"search_term_string\"}}],\"inLanguage\":\"es\"},{\"@type\":\"Person\",\"@id\":\"https:\\\/\\\/www.univa.mx\\\/agora\\\/#\\\/schema\\\/person\\\/698af210c9a2ad5b61255af506d223e3\",\"name\":\"Comunicaci\u00f3n Sistema UNIVA\",\"image\":{\"@type\":\"ImageObject\",\"inLanguage\":\"es\",\"@id\":\"https:\\\/\\\/secure.gravatar.com\\\/avatar\\\/6aa0bbdc2764d6dabb18e0075a849c5887b5f3f2c39e3b19384bfd22e55dba7c?s=96&d=mm&r=g\",\"url\":\"https:\\\/\\\/secure.gravatar.com\\\/avatar\\\/6aa0bbdc2764d6dabb18e0075a849c5887b5f3f2c39e3b19384bfd22e55dba7c?s=96&d=mm&r=g\",\"contentUrl\":\"https:\\\/\\\/secure.gravatar.com\\\/avatar\\\/6aa0bbdc2764d6dabb18e0075a849c5887b5f3f2c39e3b19384bfd22e55dba7c?s=96&d=mm&r=g\",\"caption\":\"Comunicaci\u00f3n Sistema UNIVA\"},\"url\":\"https:\\\/\\\/www.univa.mx\\\/agora\\\/author\\\/gustavo\\\/\"}]}<\/script>\n<!-- \/ Yoast SEO plugin. -->","yoast_head_json":{"title":"Turismo y Cultura Organizacional: El desaf\u00edo de las micro y peque\u00f1as empresas tur\u00edsticas de Colima - \u00c1gora","description":"El turismo en M\u00e9xico se ha consolidado como un motor econ\u00f3mico crucial, particularmente en estados como Colima, donde las micro y peque\u00f1as empresas tur\u00edsticas representan una parte importante de las unidades econ\u00f3micas presentes en el estado.","robots":{"index":"index","follow":"follow","max-snippet":"max-snippet:-1","max-image-preview":"max-image-preview:large","max-video-preview":"max-video-preview:-1"},"canonical":"https:\/\/www.univa.mx\/agora\/turismo-y-cultura-organizacional-el-desafio-de-las-micro-y-pequenas-empresas-turisticas-de-colima\/","og_locale":"es_ES","og_type":"article","og_title":"Turismo y Cultura Organizacional: El desaf\u00edo de las micro y peque\u00f1as empresas tur\u00edsticas de Colima - \u00c1gora","og_description":"El turismo en M\u00e9xico se ha consolidado como un motor econ\u00f3mico crucial, particularmente en estados como Colima, donde las micro y peque\u00f1as empresas tur\u00edsticas representan una parte importante de las unidades econ\u00f3micas presentes en el estado.","og_url":"https:\/\/www.univa.mx\/agora\/turismo-y-cultura-organizacional-el-desafio-de-las-micro-y-pequenas-empresas-turisticas-de-colima\/","og_site_name":"\u00c1gora","article_published_time":"2025-01-07T22:26:21+00:00","article_modified_time":"2025-01-08T17:31:24+00:00","og_image":[{"width":1280,"height":720,"url":"https:\/\/www.univa.mx\/agora\/wp-content\/uploads\/sites\/14\/2025\/01\/Vicente-Jimenez.gif","type":"image\/gif"}],"author":"Comunicaci\u00f3n Sistema UNIVA","twitter_card":"summary_large_image","twitter_misc":{"Escrito por":"Comunicaci\u00f3n Sistema UNIVA","Tiempo de lectura":"1 minuto"},"schema":{"@context":"https:\/\/schema.org","@graph":[{"@type":"Article","@id":"https:\/\/www.univa.mx\/agora\/turismo-y-cultura-organizacional-el-desafio-de-las-micro-y-pequenas-empresas-turisticas-de-colima\/#article","isPartOf":{"@id":"https:\/\/www.univa.mx\/agora\/turismo-y-cultura-organizacional-el-desafio-de-las-micro-y-pequenas-empresas-turisticas-de-colima\/"},"author":{"name":"Comunicaci\u00f3n Sistema UNIVA","@id":"https:\/\/www.univa.mx\/agora\/#\/schema\/person\/698af210c9a2ad5b61255af506d223e3"},"headline":"Turismo y Cultura Organizacional: El desaf\u00edo de las micro y peque\u00f1as empresas tur\u00edsticas de Colima","datePublished":"2025-01-07T22:26:21+00:00","dateModified":"2025-01-08T17:31:24+00:00","mainEntityOfPage":{"@id":"https:\/\/www.univa.mx\/agora\/turismo-y-cultura-organizacional-el-desafio-de-las-micro-y-pequenas-empresas-turisticas-de-colima\/"},"wordCount":742,"image":{"@id":"https:\/\/www.univa.mx\/agora\/turismo-y-cultura-organizacional-el-desafio-de-las-micro-y-pequenas-empresas-turisticas-de-colima\/#primaryimage"},"thumbnailUrl":"https:\/\/www.univa.mx\/agora\/wp-content\/uploads\/sites\/14\/2025\/01\/Vicente-Jimenez.gif","articleSection":["L\u00edderes de Opini\u00f3n","Voces UNIVA"],"inLanguage":"es"},{"@type":"WebPage","@id":"https:\/\/www.univa.mx\/agora\/turismo-y-cultura-organizacional-el-desafio-de-las-micro-y-pequenas-empresas-turisticas-de-colima\/","url":"https:\/\/www.univa.mx\/agora\/turismo-y-cultura-organizacional-el-desafio-de-las-micro-y-pequenas-empresas-turisticas-de-colima\/","name":"Turismo y Cultura Organizacional: El desaf\u00edo de las micro y peque\u00f1as empresas tur\u00edsticas de Colima - \u00c1gora","isPartOf":{"@id":"https:\/\/www.univa.mx\/agora\/#website"},"primaryImageOfPage":{"@id":"https:\/\/www.univa.mx\/agora\/turismo-y-cultura-organizacional-el-desafio-de-las-micro-y-pequenas-empresas-turisticas-de-colima\/#primaryimage"},"image":{"@id":"https:\/\/www.univa.mx\/agora\/turismo-y-cultura-organizacional-el-desafio-de-las-micro-y-pequenas-empresas-turisticas-de-colima\/#primaryimage"},"thumbnailUrl":"https:\/\/www.univa.mx\/agora\/wp-content\/uploads\/sites\/14\/2025\/01\/Vicente-Jimenez.gif","datePublished":"2025-01-07T22:26:21+00:00","dateModified":"2025-01-08T17:31:24+00:00","author":{"@id":"https:\/\/www.univa.mx\/agora\/#\/schema\/person\/698af210c9a2ad5b61255af506d223e3"},"description":"El turismo en M\u00e9xico se ha consolidado como un motor econ\u00f3mico crucial, particularmente en estados como Colima, donde las micro y peque\u00f1as empresas tur\u00edsticas representan una parte importante de las unidades econ\u00f3micas presentes en el estado.","breadcrumb":{"@id":"https:\/\/www.univa.mx\/agora\/turismo-y-cultura-organizacional-el-desafio-de-las-micro-y-pequenas-empresas-turisticas-de-colima\/#breadcrumb"},"inLanguage":"es","potentialAction":[{"@type":"ReadAction","target":["https:\/\/www.univa.mx\/agora\/turismo-y-cultura-organizacional-el-desafio-de-las-micro-y-pequenas-empresas-turisticas-de-colima\/"]}]},{"@type":"ImageObject","inLanguage":"es","@id":"https:\/\/www.univa.mx\/agora\/turismo-y-cultura-organizacional-el-desafio-de-las-micro-y-pequenas-empresas-turisticas-de-colima\/#primaryimage","url":"https:\/\/www.univa.mx\/agora\/wp-content\/uploads\/sites\/14\/2025\/01\/Vicente-Jimenez.gif","contentUrl":"https:\/\/www.univa.mx\/agora\/wp-content\/uploads\/sites\/14\/2025\/01\/Vicente-Jimenez.gif","width":1280,"height":720},{"@type":"BreadcrumbList","@id":"https:\/\/www.univa.mx\/agora\/turismo-y-cultura-organizacional-el-desafio-de-las-micro-y-pequenas-empresas-turisticas-de-colima\/#breadcrumb","itemListElement":[{"@type":"ListItem","position":1,"name":"Portada","item":"https:\/\/www.univa.mx\/agora\/"},{"@type":"ListItem","position":2,"name":"Turismo y Cultura Organizacional: El desaf\u00edo de las micro y peque\u00f1as empresas tur\u00edsticas de Colima"}]},{"@type":"WebSite","@id":"https:\/\/www.univa.mx\/agora\/#website","url":"https:\/\/www.univa.mx\/agora\/","name":"\u00c1gora","description":"","potentialAction":[{"@type":"SearchAction","target":{"@type":"EntryPoint","urlTemplate":"https:\/\/www.univa.mx\/agora\/?s={search_term_string}"},"query-input":{"@type":"PropertyValueSpecification","valueRequired":true,"valueName":"search_term_string"}}],"inLanguage":"es"},{"@type":"Person","@id":"https:\/\/www.univa.mx\/agora\/#\/schema\/person\/698af210c9a2ad5b61255af506d223e3","name":"Comunicaci\u00f3n Sistema UNIVA","image":{"@type":"ImageObject","inLanguage":"es","@id":"https:\/\/secure.gravatar.com\/avatar\/6aa0bbdc2764d6dabb18e0075a849c5887b5f3f2c39e3b19384bfd22e55dba7c?s=96&d=mm&r=g","url":"https:\/\/secure.gravatar.com\/avatar\/6aa0bbdc2764d6dabb18e0075a849c5887b5f3f2c39e3b19384bfd22e55dba7c?s=96&d=mm&r=g","contentUrl":"https:\/\/secure.gravatar.com\/avatar\/6aa0bbdc2764d6dabb18e0075a849c5887b5f3f2c39e3b19384bfd22e55dba7c?s=96&d=mm&r=g","caption":"Comunicaci\u00f3n Sistema UNIVA"},"url":"https:\/\/www.univa.mx\/agora\/author\/gustavo\/"}]}},"_links":{"self":[{"href":"https:\/\/www.univa.mx\/agora\/wp-json\/wp\/v2\/posts\/4451","targetHints":{"allow":["GET"]}}],"collection":[{"href":"https:\/\/www.univa.mx\/agora\/wp-json\/wp\/v2\/posts"}],"about":[{"href":"https:\/\/www.univa.mx\/agora\/wp-json\/wp\/v2\/types\/post"}],"author":[{"embeddable":true,"href":"https:\/\/www.univa.mx\/agora\/wp-json\/wp\/v2\/users\/40"}],"replies":[{"embeddable":true,"href":"https:\/\/www.univa.mx\/agora\/wp-json\/wp\/v2\/comments?post=4451"}],"version-history":[{"count":4,"href":"https:\/\/www.univa.mx\/agora\/wp-json\/wp\/v2\/posts\/4451\/revisions"}],"predecessor-version":[{"id":4457,"href":"https:\/\/www.univa.mx\/agora\/wp-json\/wp\/v2\/posts\/4451\/revisions\/4457"}],"wp:featuredmedia":[{"embeddable":true,"href":"https:\/\/www.univa.mx\/agora\/wp-json\/wp\/v2\/media\/4452"}],"wp:attachment":[{"href":"https:\/\/www.univa.mx\/agora\/wp-json\/wp\/v2\/media?parent=4451"}],"wp:term":[{"taxonomy":"category","embeddable":true,"href":"https:\/\/www.univa.mx\/agora\/wp-json\/wp\/v2\/categories?post=4451"},{"taxonomy":"post_tag","embeddable":true,"href":"https:\/\/www.univa.mx\/agora\/wp-json\/wp\/v2\/tags?post=4451"}],"curies":[{"name":"wp","href":"https:\/\/api.w.org\/{rel}","templated":true}]}}