{"id":4439,"date":"2024-12-17T09:00:49","date_gmt":"2024-12-17T15:00:49","guid":{"rendered":"https:\/\/www.univa.mx\/agora\/?p=4439"},"modified":"2024-12-16T16:35:42","modified_gmt":"2024-12-16T22:35:42","slug":"momento-de-reflexion","status":"publish","type":"post","link":"https:\/\/www.univa.mx\/agora\/momento-de-reflexion\/","title":{"rendered":"Momento de Reflexi\u00f3n"},"content":{"rendered":"<p><em><strong>Mtra. Rosa Mar\u00eda Melgoza Avi\u00f1a \u00b7 Coordinadora de Ciencias Econ\u00f3mico-Administrativas, UNIVA La Piedad<\/strong><\/em><\/p>\n<p>\u00bfNo les ha pasado en alg\u00fan momento de la vida, que voltean hacia atr\u00e1s, revisan su pasado y descubren que esa vida est\u00e1 transcurriendo muy r\u00e1pido, que se ha ido volando?<\/p>\n<p>Obviamente, estoy pensando desde mis cincuenta y muchos a\u00f1os. La gente joven no le encontrar\u00e1 sentido a lo que escribo, sin embargo, las personas de mi edad o cercana a ella, quiz\u00e1 se sientan un poco identificadas. \u00a1Eso me gustar\u00eda!<\/p>\n<p>Aunque el paso del tiempo significa crecimiento, transformaci\u00f3n, tambi\u00e9n implica que hemos dejado atr\u00e1s muchas cosas sin hacer. En ese trayecto hacia la madurez y el ir aprendiendo hay actividades, sue\u00f1os y esperanzas que hemos ido soltando; ya sea porque as\u00ed lo quisimos, porque no nos dimos cuenta o bien, porque no tuvimos elecci\u00f3n.<\/p>\n<p>Al analizar lo que hemos dejado de hacer, quiz\u00e1 nos enfrentemos a una realidad que no estamos preparados para aceptar. \u00bfC\u00f3mo era y en qu\u00e9 me he convertido? En esa revisi\u00f3n me doy cuenta con tristeza y espero que, con aceptaci\u00f3n, que conforme pasan los a\u00f1os nos sentimos cada vez m\u00e1s vulnerables, se hace evidente que la vida puede terminar en cualquier momento y por todo tipo de circunstancias. En esta edad quiz\u00e1 muchos de nosotros sufrimos por la p\u00e9rdida de un ser querido: un hermano (a), un amigo (a) o alguien cercano se encuentra enfermo y nos hace pensar en lo fr\u00e1giles que somos y que lo m\u00e1s triste puede pasar; si bien es cierto que no estaremos en este plano para siempre, s\u00ed queremos vivir el mayor tiempo posible en compa\u00f1\u00eda de quienes amamos.<\/p>\n<p>\u00bfSer\u00e1 que el fin de a\u00f1o es la causa de esta reflexi\u00f3n?<\/p>\n<p>Se acerca el fin de un ciclo que ha significado mucho para todas las personas: esperanza, expectativas, pero tambi\u00e9n dolor y lo que queremos quiz\u00e1 es que termine ya y comience lo nuevo. En esta prisa por el reinicio, sugiero no olvidarnos de las personas que todav\u00eda tenemos a nuestro lado, de las experiencias que hemos compartido con ellas, de los aprendizajes que hemos asimilado, de las risas que nos han provocado.<\/p>\n<p>Dejar cosas atr\u00e1s es una parte natural del crecimiento, pero tambi\u00e9n es importante reflexionar sobre lo que verdaderamente queremos tener y vivir. El equilibrio entre avanzar y preservar lo esencial es un desaf\u00edo constante. \u00bfQu\u00e9 hemos dejado de hacer que pudi\u00e9ramos recuperar el siguiente a\u00f1o? \u00bfLa salud? \u00bfEse amigo (a) que por exceso trabajo y falta de tiempo no frecuentamos? \u00bfViajar a ese lugar que siempre nos ha llamado la atenci\u00f3n? \u00bfPonerte ese vestido o traje que ha formado parte de tus ilusiones, pero que el sedentarismo en el que vivimos no ha permitido? \u00bfCompartir y disfrutar m\u00e1s con la familia, sobre todo en esos momentos de tradici\u00f3n como las comidas de los domingos? No lo s\u00e9.<\/p>\n<p>Comenc\u00e9 estas l\u00edneas con una idea, sin embargo, al momento de escribir, espero se haya complementado de otras m\u00e1s y no est\u00e9 confundiendo al lector. Porque mi idea es que \u00e9ste espacio sirva para invitarlos a detenernos un ratito y pensar, recordar y sentir que la vida est\u00e1 llena de momentos; que entendamos que en este vivir y obtener lo que pedimos y necesitamos, tambi\u00e9n est\u00e1 la conciencia de que hay mucho que tambi\u00e9n hemos perdido.<\/p>\n<p>Cerremos ciclos para darle la bienvenida a lo nuevo, evitemos aferrarnos al pasado, liberemos espacio emocional y mental para lo que viene. Cerrar algo no significa olvidar sino simplemente soltar lo que ya no nos sirve; entendamos que las experiencias dif\u00edciles nos preparan para identificar y recibir lo nuevo. Ve\u00e1moslo como una nueva oportunidad para redefinir prioridades, establecer nuevas metas, para cambiar h\u00e1bitos, para <strong>reinventarnos <\/strong>con el apoyo de la familia, de nuestros amigos, de esa persona especial; pero, sobre todo, hacerlo con mucho amor hacia nosotros mismos.<\/p>\n<p>Y bien, \u00bfqu\u00e9 har\u00e1s en este nuevo ciclo? Quiz\u00e1 esa respuesta sea tan emocionante como el recorrido que hagamos. \u00a1Gracias por estar!<\/p>\n","protected":false},"excerpt":{"rendered":"<p>Mtra. Rosa Mar\u00eda Melgoza Avi\u00f1a&#8230;<\/p>\n","protected":false},"author":40,"featured_media":4440,"comment_status":"closed","ping_status":"closed","sticky":false,"template":"","format":"standard","meta":{"footnotes":""},"categories":[6,17],"tags":[],"class_list":["post-4439","post","type-post","status-publish","format-standard","has-post-thumbnail","category-lideres-de-opinion","category-voces-univa"],"yoast_head":"<!-- This site is optimized with the Yoast SEO plugin v28.0 - https:\/\/yoast.com\/product\/yoast-seo-wordpress\/ -->\n<title>Momento de Reflexi\u00f3n - \u00c1gora<\/title>\n<meta name=\"description\" content=\"\u00bfNo les ha pasado en alg\u00fan momento de la vida, que voltean hacia atr\u00e1s, revisan su pasado y descubren que esa vida est\u00e1 transcurriendo muy r\u00e1pido, que se ha ido volando?\" \/>\n<meta name=\"robots\" content=\"index, follow, max-snippet:-1, max-image-preview:large, max-video-preview:-1\" \/>\n<link rel=\"canonical\" href=\"https:\/\/www.univa.mx\/agora\/momento-de-reflexion\/\" \/>\n<meta property=\"og:locale\" content=\"es_ES\" \/>\n<meta property=\"og:type\" content=\"article\" \/>\n<meta property=\"og:title\" content=\"Momento de Reflexi\u00f3n - \u00c1gora\" \/>\n<meta property=\"og:description\" content=\"\u00bfNo les ha pasado en alg\u00fan momento de la vida, que voltean hacia atr\u00e1s, revisan su pasado y descubren que esa vida est\u00e1 transcurriendo muy r\u00e1pido, que se ha ido volando?\" \/>\n<meta property=\"og:url\" content=\"https:\/\/www.univa.mx\/agora\/momento-de-reflexion\/\" \/>\n<meta property=\"og:site_name\" content=\"\u00c1gora\" \/>\n<meta property=\"article:published_time\" content=\"2024-12-17T15:00:49+00:00\" \/>\n<meta property=\"og:image\" content=\"https:\/\/www.univa.mx\/agora\/wp-content\/uploads\/sites\/14\/2024\/12\/Rosa-Mari\u0301a-Melgoza-Avin\u0303a.gif\" \/>\n\t<meta property=\"og:image:width\" content=\"1280\" \/>\n\t<meta property=\"og:image:height\" content=\"720\" \/>\n\t<meta property=\"og:image:type\" content=\"image\/gif\" \/>\n<meta name=\"author\" content=\"Comunicaci\u00f3n Sistema UNIVA\" \/>\n<meta name=\"twitter:card\" content=\"summary_large_image\" \/>\n<meta name=\"twitter:label1\" content=\"Escrito por\" \/>\n\t<meta name=\"twitter:data1\" content=\"Comunicaci\u00f3n Sistema UNIVA\" \/>\n\t<meta name=\"twitter:label2\" content=\"Tiempo de lectura\" \/>\n\t<meta name=\"twitter:data2\" content=\"1 minuto\" \/>\n<script type=\"application\/ld+json\" class=\"yoast-schema-graph\">{\"@context\":\"https:\\\/\\\/schema.org\",\"@graph\":[{\"@type\":\"Article\",\"@id\":\"https:\\\/\\\/www.univa.mx\\\/agora\\\/momento-de-reflexion\\\/#article\",\"isPartOf\":{\"@id\":\"https:\\\/\\\/www.univa.mx\\\/agora\\\/momento-de-reflexion\\\/\"},\"author\":{\"name\":\"Comunicaci\u00f3n Sistema UNIVA\",\"@id\":\"https:\\\/\\\/www.univa.mx\\\/agora\\\/#\\\/schema\\\/person\\\/698af210c9a2ad5b61255af506d223e3\"},\"headline\":\"Momento de Reflexi\u00f3n\",\"datePublished\":\"2024-12-17T15:00:49+00:00\",\"mainEntityOfPage\":{\"@id\":\"https:\\\/\\\/www.univa.mx\\\/agora\\\/momento-de-reflexion\\\/\"},\"wordCount\":706,\"image\":{\"@id\":\"https:\\\/\\\/www.univa.mx\\\/agora\\\/momento-de-reflexion\\\/#primaryimage\"},\"thumbnailUrl\":\"https:\\\/\\\/www.univa.mx\\\/agora\\\/wp-content\\\/uploads\\\/sites\\\/14\\\/2024\\\/12\\\/Rosa-Mari\u0301a-Melgoza-Avin\u0303a.gif\",\"articleSection\":[\"L\u00edderes de Opini\u00f3n\",\"Voces UNIVA\"],\"inLanguage\":\"es\"},{\"@type\":\"WebPage\",\"@id\":\"https:\\\/\\\/www.univa.mx\\\/agora\\\/momento-de-reflexion\\\/\",\"url\":\"https:\\\/\\\/www.univa.mx\\\/agora\\\/momento-de-reflexion\\\/\",\"name\":\"Momento de Reflexi\u00f3n - \u00c1gora\",\"isPartOf\":{\"@id\":\"https:\\\/\\\/www.univa.mx\\\/agora\\\/#website\"},\"primaryImageOfPage\":{\"@id\":\"https:\\\/\\\/www.univa.mx\\\/agora\\\/momento-de-reflexion\\\/#primaryimage\"},\"image\":{\"@id\":\"https:\\\/\\\/www.univa.mx\\\/agora\\\/momento-de-reflexion\\\/#primaryimage\"},\"thumbnailUrl\":\"https:\\\/\\\/www.univa.mx\\\/agora\\\/wp-content\\\/uploads\\\/sites\\\/14\\\/2024\\\/12\\\/Rosa-Mari\u0301a-Melgoza-Avin\u0303a.gif\",\"datePublished\":\"2024-12-17T15:00:49+00:00\",\"author\":{\"@id\":\"https:\\\/\\\/www.univa.mx\\\/agora\\\/#\\\/schema\\\/person\\\/698af210c9a2ad5b61255af506d223e3\"},\"description\":\"\u00bfNo les ha pasado en alg\u00fan momento de la vida, que voltean hacia atr\u00e1s, revisan su pasado y descubren que esa vida est\u00e1 transcurriendo muy r\u00e1pido, que se ha ido volando?\",\"breadcrumb\":{\"@id\":\"https:\\\/\\\/www.univa.mx\\\/agora\\\/momento-de-reflexion\\\/#breadcrumb\"},\"inLanguage\":\"es\",\"potentialAction\":[{\"@type\":\"ReadAction\",\"target\":[\"https:\\\/\\\/www.univa.mx\\\/agora\\\/momento-de-reflexion\\\/\"]}]},{\"@type\":\"ImageObject\",\"inLanguage\":\"es\",\"@id\":\"https:\\\/\\\/www.univa.mx\\\/agora\\\/momento-de-reflexion\\\/#primaryimage\",\"url\":\"https:\\\/\\\/www.univa.mx\\\/agora\\\/wp-content\\\/uploads\\\/sites\\\/14\\\/2024\\\/12\\\/Rosa-Mari\u0301a-Melgoza-Avin\u0303a.gif\",\"contentUrl\":\"https:\\\/\\\/www.univa.mx\\\/agora\\\/wp-content\\\/uploads\\\/sites\\\/14\\\/2024\\\/12\\\/Rosa-Mari\u0301a-Melgoza-Avin\u0303a.gif\",\"width\":1280,\"height\":720},{\"@type\":\"BreadcrumbList\",\"@id\":\"https:\\\/\\\/www.univa.mx\\\/agora\\\/momento-de-reflexion\\\/#breadcrumb\",\"itemListElement\":[{\"@type\":\"ListItem\",\"position\":1,\"name\":\"Portada\",\"item\":\"https:\\\/\\\/www.univa.mx\\\/agora\\\/\"},{\"@type\":\"ListItem\",\"position\":2,\"name\":\"Momento de Reflexi\u00f3n\"}]},{\"@type\":\"WebSite\",\"@id\":\"https:\\\/\\\/www.univa.mx\\\/agora\\\/#website\",\"url\":\"https:\\\/\\\/www.univa.mx\\\/agora\\\/\",\"name\":\"\u00c1gora\",\"description\":\"\",\"potentialAction\":[{\"@type\":\"SearchAction\",\"target\":{\"@type\":\"EntryPoint\",\"urlTemplate\":\"https:\\\/\\\/www.univa.mx\\\/agora\\\/?s={search_term_string}\"},\"query-input\":{\"@type\":\"PropertyValueSpecification\",\"valueRequired\":true,\"valueName\":\"search_term_string\"}}],\"inLanguage\":\"es\"},{\"@type\":\"Person\",\"@id\":\"https:\\\/\\\/www.univa.mx\\\/agora\\\/#\\\/schema\\\/person\\\/698af210c9a2ad5b61255af506d223e3\",\"name\":\"Comunicaci\u00f3n Sistema UNIVA\",\"image\":{\"@type\":\"ImageObject\",\"inLanguage\":\"es\",\"@id\":\"https:\\\/\\\/secure.gravatar.com\\\/avatar\\\/6aa0bbdc2764d6dabb18e0075a849c5887b5f3f2c39e3b19384bfd22e55dba7c?s=96&d=mm&r=g\",\"url\":\"https:\\\/\\\/secure.gravatar.com\\\/avatar\\\/6aa0bbdc2764d6dabb18e0075a849c5887b5f3f2c39e3b19384bfd22e55dba7c?s=96&d=mm&r=g\",\"contentUrl\":\"https:\\\/\\\/secure.gravatar.com\\\/avatar\\\/6aa0bbdc2764d6dabb18e0075a849c5887b5f3f2c39e3b19384bfd22e55dba7c?s=96&d=mm&r=g\",\"caption\":\"Comunicaci\u00f3n Sistema UNIVA\"},\"url\":\"https:\\\/\\\/www.univa.mx\\\/agora\\\/author\\\/gustavo\\\/\"}]}<\/script>\n<!-- \/ Yoast SEO plugin. -->","yoast_head_json":{"title":"Momento de Reflexi\u00f3n - \u00c1gora","description":"\u00bfNo les ha pasado en alg\u00fan momento de la vida, que voltean hacia atr\u00e1s, revisan su pasado y descubren que esa vida est\u00e1 transcurriendo muy r\u00e1pido, que se ha ido volando?","robots":{"index":"index","follow":"follow","max-snippet":"max-snippet:-1","max-image-preview":"max-image-preview:large","max-video-preview":"max-video-preview:-1"},"canonical":"https:\/\/www.univa.mx\/agora\/momento-de-reflexion\/","og_locale":"es_ES","og_type":"article","og_title":"Momento de Reflexi\u00f3n - \u00c1gora","og_description":"\u00bfNo les ha pasado en alg\u00fan momento de la vida, que voltean hacia atr\u00e1s, revisan su pasado y descubren que esa vida est\u00e1 transcurriendo muy r\u00e1pido, que se ha ido volando?","og_url":"https:\/\/www.univa.mx\/agora\/momento-de-reflexion\/","og_site_name":"\u00c1gora","article_published_time":"2024-12-17T15:00:49+00:00","og_image":[{"width":1280,"height":720,"url":"https:\/\/www.univa.mx\/agora\/wp-content\/uploads\/sites\/14\/2024\/12\/Rosa-Mari\u0301a-Melgoza-Avin\u0303a.gif","type":"image\/gif"}],"author":"Comunicaci\u00f3n Sistema UNIVA","twitter_card":"summary_large_image","twitter_misc":{"Escrito por":"Comunicaci\u00f3n Sistema UNIVA","Tiempo de lectura":"1 minuto"},"schema":{"@context":"https:\/\/schema.org","@graph":[{"@type":"Article","@id":"https:\/\/www.univa.mx\/agora\/momento-de-reflexion\/#article","isPartOf":{"@id":"https:\/\/www.univa.mx\/agora\/momento-de-reflexion\/"},"author":{"name":"Comunicaci\u00f3n Sistema UNIVA","@id":"https:\/\/www.univa.mx\/agora\/#\/schema\/person\/698af210c9a2ad5b61255af506d223e3"},"headline":"Momento de Reflexi\u00f3n","datePublished":"2024-12-17T15:00:49+00:00","mainEntityOfPage":{"@id":"https:\/\/www.univa.mx\/agora\/momento-de-reflexion\/"},"wordCount":706,"image":{"@id":"https:\/\/www.univa.mx\/agora\/momento-de-reflexion\/#primaryimage"},"thumbnailUrl":"https:\/\/www.univa.mx\/agora\/wp-content\/uploads\/sites\/14\/2024\/12\/Rosa-Mari\u0301a-Melgoza-Avin\u0303a.gif","articleSection":["L\u00edderes de Opini\u00f3n","Voces UNIVA"],"inLanguage":"es"},{"@type":"WebPage","@id":"https:\/\/www.univa.mx\/agora\/momento-de-reflexion\/","url":"https:\/\/www.univa.mx\/agora\/momento-de-reflexion\/","name":"Momento de Reflexi\u00f3n - \u00c1gora","isPartOf":{"@id":"https:\/\/www.univa.mx\/agora\/#website"},"primaryImageOfPage":{"@id":"https:\/\/www.univa.mx\/agora\/momento-de-reflexion\/#primaryimage"},"image":{"@id":"https:\/\/www.univa.mx\/agora\/momento-de-reflexion\/#primaryimage"},"thumbnailUrl":"https:\/\/www.univa.mx\/agora\/wp-content\/uploads\/sites\/14\/2024\/12\/Rosa-Mari\u0301a-Melgoza-Avin\u0303a.gif","datePublished":"2024-12-17T15:00:49+00:00","author":{"@id":"https:\/\/www.univa.mx\/agora\/#\/schema\/person\/698af210c9a2ad5b61255af506d223e3"},"description":"\u00bfNo les ha pasado en alg\u00fan momento de la vida, que voltean hacia atr\u00e1s, revisan su pasado y descubren que esa vida est\u00e1 transcurriendo muy r\u00e1pido, que se ha ido volando?","breadcrumb":{"@id":"https:\/\/www.univa.mx\/agora\/momento-de-reflexion\/#breadcrumb"},"inLanguage":"es","potentialAction":[{"@type":"ReadAction","target":["https:\/\/www.univa.mx\/agora\/momento-de-reflexion\/"]}]},{"@type":"ImageObject","inLanguage":"es","@id":"https:\/\/www.univa.mx\/agora\/momento-de-reflexion\/#primaryimage","url":"https:\/\/www.univa.mx\/agora\/wp-content\/uploads\/sites\/14\/2024\/12\/Rosa-Mari\u0301a-Melgoza-Avin\u0303a.gif","contentUrl":"https:\/\/www.univa.mx\/agora\/wp-content\/uploads\/sites\/14\/2024\/12\/Rosa-Mari\u0301a-Melgoza-Avin\u0303a.gif","width":1280,"height":720},{"@type":"BreadcrumbList","@id":"https:\/\/www.univa.mx\/agora\/momento-de-reflexion\/#breadcrumb","itemListElement":[{"@type":"ListItem","position":1,"name":"Portada","item":"https:\/\/www.univa.mx\/agora\/"},{"@type":"ListItem","position":2,"name":"Momento de Reflexi\u00f3n"}]},{"@type":"WebSite","@id":"https:\/\/www.univa.mx\/agora\/#website","url":"https:\/\/www.univa.mx\/agora\/","name":"\u00c1gora","description":"","potentialAction":[{"@type":"SearchAction","target":{"@type":"EntryPoint","urlTemplate":"https:\/\/www.univa.mx\/agora\/?s={search_term_string}"},"query-input":{"@type":"PropertyValueSpecification","valueRequired":true,"valueName":"search_term_string"}}],"inLanguage":"es"},{"@type":"Person","@id":"https:\/\/www.univa.mx\/agora\/#\/schema\/person\/698af210c9a2ad5b61255af506d223e3","name":"Comunicaci\u00f3n Sistema UNIVA","image":{"@type":"ImageObject","inLanguage":"es","@id":"https:\/\/secure.gravatar.com\/avatar\/6aa0bbdc2764d6dabb18e0075a849c5887b5f3f2c39e3b19384bfd22e55dba7c?s=96&d=mm&r=g","url":"https:\/\/secure.gravatar.com\/avatar\/6aa0bbdc2764d6dabb18e0075a849c5887b5f3f2c39e3b19384bfd22e55dba7c?s=96&d=mm&r=g","contentUrl":"https:\/\/secure.gravatar.com\/avatar\/6aa0bbdc2764d6dabb18e0075a849c5887b5f3f2c39e3b19384bfd22e55dba7c?s=96&d=mm&r=g","caption":"Comunicaci\u00f3n Sistema UNIVA"},"url":"https:\/\/www.univa.mx\/agora\/author\/gustavo\/"}]}},"_links":{"self":[{"href":"https:\/\/www.univa.mx\/agora\/wp-json\/wp\/v2\/posts\/4439","targetHints":{"allow":["GET"]}}],"collection":[{"href":"https:\/\/www.univa.mx\/agora\/wp-json\/wp\/v2\/posts"}],"about":[{"href":"https:\/\/www.univa.mx\/agora\/wp-json\/wp\/v2\/types\/post"}],"author":[{"embeddable":true,"href":"https:\/\/www.univa.mx\/agora\/wp-json\/wp\/v2\/users\/40"}],"replies":[{"embeddable":true,"href":"https:\/\/www.univa.mx\/agora\/wp-json\/wp\/v2\/comments?post=4439"}],"version-history":[{"count":1,"href":"https:\/\/www.univa.mx\/agora\/wp-json\/wp\/v2\/posts\/4439\/revisions"}],"predecessor-version":[{"id":4441,"href":"https:\/\/www.univa.mx\/agora\/wp-json\/wp\/v2\/posts\/4439\/revisions\/4441"}],"wp:featuredmedia":[{"embeddable":true,"href":"https:\/\/www.univa.mx\/agora\/wp-json\/wp\/v2\/media\/4440"}],"wp:attachment":[{"href":"https:\/\/www.univa.mx\/agora\/wp-json\/wp\/v2\/media?parent=4439"}],"wp:term":[{"taxonomy":"category","embeddable":true,"href":"https:\/\/www.univa.mx\/agora\/wp-json\/wp\/v2\/categories?post=4439"},{"taxonomy":"post_tag","embeddable":true,"href":"https:\/\/www.univa.mx\/agora\/wp-json\/wp\/v2\/tags?post=4439"}],"curies":[{"name":"wp","href":"https:\/\/api.w.org\/{rel}","templated":true}]}}