{"id":4382,"date":"2024-12-02T09:00:39","date_gmt":"2024-12-02T15:00:39","guid":{"rendered":"https:\/\/www.univa.mx\/agora\/?p=4382"},"modified":"2024-11-29T16:09:23","modified_gmt":"2024-11-29T22:09:23","slug":"pensandolo-bien-tiempos-complejos","status":"publish","type":"post","link":"https:\/\/www.univa.mx\/agora\/pensandolo-bien-tiempos-complejos\/","title":{"rendered":"Pens\u00e1ndolo bien: Tiempos complejos"},"content":{"rendered":"<p><em><strong>Pbro. Lic. Armando Gonz\u00e1lez Escoto \u2219 Direcci\u00f3n de Publicaciones, Sistema UNIVA<\/strong><\/em><\/p>\n<p>El 4 de abril de 1967 en la iglesia de Riverside, Martin Luther King pronunci\u00f3 un famoso discurso en el cual denunciaba al gobierno norteamericano como el primer generador de violencia en el mundo, justo un a\u00f1o despu\u00e9s fue asesinado el famoso defensor de los derechos humanos por un supremacista. No obstante, su obra y su muerte no fueron est\u00e9riles, pero el gobierno norteamericano ha seguido generando violencia en todo el planeta justific\u00e1ndose por todo tipo de falacias, c\u00f3mo salvar al mundo del comunismo mientras lo hubo, o del terrorismo islamista, o de la amenaza china, o de la rusa, o de cualquier \u201ceje del mal\u201d que sus intereses jam\u00e1s satisfechos les sugieran.<\/p>\n<p>Ahora nos enfrentamos al \u201cAm\u00e9rica primero\u201d, eslogan de campa\u00f1a de Donald Trump, el cual contiene dos aspectos inquietantes, uno es que los estadounidenses sigan pensando que \u201cAm\u00e9rica\u201d son ellos, y el otro, que quieran volver a ser o seguir siendo los primeros, usando los mismos medios que en el pasado emplearon.<\/p>\n<p>A \u201cAm\u00e9rica primero\u201d le estorba el resto del mundo, al cual ha usado a tenor de sus ambiciones, pero tambi\u00e9n a tenor de la posible fuerza que el resto del mundo le pueda oponer \u00bfM\u00e9xico puede oponerle alg\u00fan tipo de fuerza?<\/p>\n<p>Para que Am\u00e9rica fuese primero, en el pasado, se requiri\u00f3, entre otras cosas, del apoyo de pol\u00edticos y grupos de todas partes del planeta que desde sus propios pa\u00edses operaban a favor de \u201cAm\u00e9rica\u201d, sea que pensaran que de esta manera favorec\u00edan a sus propias naciones, sea que los favorecidos fueran espec\u00edficamente ellos, como ha sucedido con una interminable serie de pol\u00edticos que, a cambio del reconocimiento diplom\u00e1tico de Estados Unidos, han puesto sus pa\u00edses bajo el dominio norteamericano. Los hombres de empresa han hecho muchas veces lo propio, con mayor ah\u00ednco a partir de la era de Salinas de Gortari, en que surgi\u00f3 un nuevo \u201csue\u00f1o mexicano\u201d: que Estados Unidos nos considerase como socios de igual nivel, y ya no como el corral de su gallinero.<\/p>\n<p>Lo que el tiempo nos ha ense\u00f1ado es que, para Estados Unidos, y con sus asegunes, el \u00fanico socio posible es y ha sido Inglaterra, por razones obvias, m\u00e1xime que los norteamericanos nunca le han pedido al gobierno brit\u00e1nico que pida perd\u00f3n por los abusos cometidos durante la era colonial, ser\u00eda absurdo, porque unos y otros son los mismos, y quienes pudieran sentirse agraviados pr\u00e1cticamente ya no existen, transitaron r\u00e1pidamente del genocidio biol\u00f3gico al cultural.<\/p>\n<p>Que los pa\u00edses latinoamericanos, con Portugal y Espa\u00f1a, pudieran construir un proyecto de comunidad internacional semejante, es algo que los propios estadounidenses han bloqueado con singular \u00e9xito ya por casi dos siglos, con el apoyo, desde luego, de incontables ide\u00f3logos latinos que consciente o inconscientemente han trabajado para que \u201cAm\u00e9rica\u201d siga siendo primero. Sin duda que el nuevo canciller del vecino pa\u00eds, Marco Rubio, conoce a fondo esta mec\u00e1nica; no es contradictorio que una persona tan privada de diplomacia est\u00e9 al frente de la diplomacia norteamericana, es que esa es precisamente su diplomacia.<\/p>\n<p>El regreso de Trump pese a todo cuanto sucedi\u00f3 durante su anterior mandato dentro y fuera de su pa\u00eds, nos confirma que en Estados Unidos un alto porcentaje de sus habitantes son justamente como \u00e9l, piensan como \u00e9l, act\u00faan como \u00e9l, y juzgan a los dem\u00e1s, como lo hace \u00e9l. Pero no todo es negativo, m\u00e1s all\u00e1 de las formas prepotentes y brabuconas, hay elementos positivos que no deben ignorarse.<\/p>\n<p>Afortunadamente, la \u201cAm\u00e9rica primero\u201d de Trump, tiene contrapesos poderosos que en el pasado no exist\u00edan, esas nuevas asociaciones de pa\u00edses saben que tienen un reto enorme por los pr\u00f3ximos cuatro a\u00f1os, y que las naciones d\u00e9biles del planeta pueden con inteligencia ensayar un nuevo juego entre poderosos, que les permita dejar de ser la carne de ca\u00f1\u00f3n de magnates atrabiliarios y tarzaneros.<\/p>\n<p>Armando Gonz\u00e1lez Escoto<\/p>\n<p>armando.gon@univa.mx<\/p>\n<p>Publicado en El Informador del domingo 1 de diciembre de 2024.<\/p>\n","protected":false},"excerpt":{"rendered":"<p>Pbro. Lic. Armando Gonz\u00e1lez Escoto&#8230;<\/p>\n","protected":false},"author":40,"featured_media":4283,"comment_status":"closed","ping_status":"closed","sticky":false,"template":"","format":"standard","meta":{"footnotes":""},"categories":[6,17],"tags":[],"class_list":{"0":"post-4382","1":"post","2":"type-post","3":"status-publish","4":"format-standard","5":"has-post-thumbnail","7":"category-lideres-de-opinion","8":"category-voces-univa"},"yoast_head":"<!-- This site is optimized with the Yoast SEO plugin v26.6 - https:\/\/yoast.com\/wordpress\/plugins\/seo\/ -->\n<title>Pens\u00e1ndolo bien: Tiempos complejos - \u00c1gora<\/title>\n<meta name=\"description\" content=\"El 4 de abril de 1967 en la iglesia de Riverside, Martin Luther King pronunci\u00f3 un famoso discurso en el cual denunciaba al gobierno norteamericano como el primer generador de violencia en el mundo, justo un a\u00f1o despu\u00e9s fue asesinado el famoso defensor de los derechos humanos por un supremacista.\" \/>\n<meta name=\"robots\" content=\"index, follow, max-snippet:-1, max-image-preview:large, max-video-preview:-1\" \/>\n<link rel=\"canonical\" href=\"https:\/\/www.univa.mx\/agora\/pensandolo-bien-tiempos-complejos\/\" \/>\n<meta property=\"og:locale\" content=\"es_ES\" \/>\n<meta property=\"og:type\" content=\"article\" \/>\n<meta property=\"og:title\" content=\"Pens\u00e1ndolo bien: Tiempos complejos - \u00c1gora\" \/>\n<meta property=\"og:description\" content=\"El 4 de abril de 1967 en la iglesia de Riverside, Martin Luther King pronunci\u00f3 un famoso discurso en el cual denunciaba al gobierno norteamericano como el primer generador de violencia en el mundo, justo un a\u00f1o despu\u00e9s fue asesinado el famoso defensor de los derechos humanos por un supremacista.\" \/>\n<meta property=\"og:url\" content=\"https:\/\/www.univa.mx\/agora\/pensandolo-bien-tiempos-complejos\/\" \/>\n<meta property=\"og:site_name\" content=\"\u00c1gora\" \/>\n<meta property=\"article:published_time\" content=\"2024-12-02T15:00:39+00:00\" \/>\n<meta property=\"og:image\" content=\"https:\/\/www.univa.mx\/agora\/wp-content\/uploads\/sites\/14\/2024\/10\/Untitled-1-1-2.gif\" \/>\n\t<meta property=\"og:image:width\" content=\"1280\" \/>\n\t<meta property=\"og:image:height\" content=\"720\" \/>\n\t<meta property=\"og:image:type\" content=\"image\/gif\" \/>\n<meta name=\"author\" content=\"Comunicaci\u00f3n Sistema UNIVA\" \/>\n<meta name=\"twitter:card\" content=\"summary_large_image\" \/>\n<meta name=\"twitter:label1\" content=\"Escrito por\" \/>\n\t<meta name=\"twitter:data1\" content=\"Comunicaci\u00f3n Sistema UNIVA\" \/>\n\t<meta name=\"twitter:label2\" content=\"Tiempo de lectura\" \/>\n\t<meta name=\"twitter:data2\" content=\"1 minuto\" \/>\n<script type=\"application\/ld+json\" class=\"yoast-schema-graph\">{\"@context\":\"https:\/\/schema.org\",\"@graph\":[{\"@type\":\"WebPage\",\"@id\":\"https:\/\/www.univa.mx\/agora\/pensandolo-bien-tiempos-complejos\/\",\"url\":\"https:\/\/www.univa.mx\/agora\/pensandolo-bien-tiempos-complejos\/\",\"name\":\"Pens\u00e1ndolo bien: Tiempos complejos - \u00c1gora\",\"isPartOf\":{\"@id\":\"https:\/\/www.univa.mx\/agora\/#website\"},\"primaryImageOfPage\":{\"@id\":\"https:\/\/www.univa.mx\/agora\/pensandolo-bien-tiempos-complejos\/#primaryimage\"},\"image\":{\"@id\":\"https:\/\/www.univa.mx\/agora\/pensandolo-bien-tiempos-complejos\/#primaryimage\"},\"thumbnailUrl\":\"https:\/\/www.univa.mx\/agora\/wp-content\/uploads\/sites\/14\/2024\/10\/Untitled-1-1-2.gif\",\"datePublished\":\"2024-12-02T15:00:39+00:00\",\"author\":{\"@id\":\"https:\/\/www.univa.mx\/agora\/#\/schema\/person\/257d6e84e733cd038299033a4e51daf8\"},\"description\":\"El 4 de abril de 1967 en la iglesia de Riverside, Martin Luther King pronunci\u00f3 un famoso discurso en el cual denunciaba al gobierno norteamericano como el primer generador de violencia en el mundo, justo un a\u00f1o despu\u00e9s fue asesinado el famoso defensor de los derechos humanos por un supremacista.\",\"breadcrumb\":{\"@id\":\"https:\/\/www.univa.mx\/agora\/pensandolo-bien-tiempos-complejos\/#breadcrumb\"},\"inLanguage\":\"es\",\"potentialAction\":[{\"@type\":\"ReadAction\",\"target\":[\"https:\/\/www.univa.mx\/agora\/pensandolo-bien-tiempos-complejos\/\"]}]},{\"@type\":\"ImageObject\",\"inLanguage\":\"es\",\"@id\":\"https:\/\/www.univa.mx\/agora\/pensandolo-bien-tiempos-complejos\/#primaryimage\",\"url\":\"https:\/\/www.univa.mx\/agora\/wp-content\/uploads\/sites\/14\/2024\/10\/Untitled-1-1-2.gif\",\"contentUrl\":\"https:\/\/www.univa.mx\/agora\/wp-content\/uploads\/sites\/14\/2024\/10\/Untitled-1-1-2.gif\",\"width\":1280,\"height\":720},{\"@type\":\"BreadcrumbList\",\"@id\":\"https:\/\/www.univa.mx\/agora\/pensandolo-bien-tiempos-complejos\/#breadcrumb\",\"itemListElement\":[{\"@type\":\"ListItem\",\"position\":1,\"name\":\"Portada\",\"item\":\"https:\/\/www.univa.mx\/agora\/\"},{\"@type\":\"ListItem\",\"position\":2,\"name\":\"Pens\u00e1ndolo bien: Tiempos complejos\"}]},{\"@type\":\"WebSite\",\"@id\":\"https:\/\/www.univa.mx\/agora\/#website\",\"url\":\"https:\/\/www.univa.mx\/agora\/\",\"name\":\"\u00c1gora\",\"description\":\"\",\"potentialAction\":[{\"@type\":\"SearchAction\",\"target\":{\"@type\":\"EntryPoint\",\"urlTemplate\":\"https:\/\/www.univa.mx\/agora\/?s={search_term_string}\"},\"query-input\":{\"@type\":\"PropertyValueSpecification\",\"valueRequired\":true,\"valueName\":\"search_term_string\"}}],\"inLanguage\":\"es\"},{\"@type\":\"Person\",\"@id\":\"https:\/\/www.univa.mx\/agora\/#\/schema\/person\/257d6e84e733cd038299033a4e51daf8\",\"name\":\"Comunicaci\u00f3n Sistema UNIVA\",\"image\":{\"@type\":\"ImageObject\",\"inLanguage\":\"es\",\"@id\":\"https:\/\/www.univa.mx\/agora\/#\/schema\/person\/image\/\",\"url\":\"https:\/\/secure.gravatar.com\/avatar\/6aa0bbdc2764d6dabb18e0075a849c5887b5f3f2c39e3b19384bfd22e55dba7c?s=96&d=mm&r=g\",\"contentUrl\":\"https:\/\/secure.gravatar.com\/avatar\/6aa0bbdc2764d6dabb18e0075a849c5887b5f3f2c39e3b19384bfd22e55dba7c?s=96&d=mm&r=g\",\"caption\":\"Comunicaci\u00f3n Sistema UNIVA\"},\"url\":\"https:\/\/www.univa.mx\/agora\/author\/gustavo\/\"}]}<\/script>\n<!-- \/ Yoast SEO plugin. -->","yoast_head_json":{"title":"Pens\u00e1ndolo bien: Tiempos complejos - \u00c1gora","description":"El 4 de abril de 1967 en la iglesia de Riverside, Martin Luther King pronunci\u00f3 un famoso discurso en el cual denunciaba al gobierno norteamericano como el primer generador de violencia en el mundo, justo un a\u00f1o despu\u00e9s fue asesinado el famoso defensor de los derechos humanos por un supremacista.","robots":{"index":"index","follow":"follow","max-snippet":"max-snippet:-1","max-image-preview":"max-image-preview:large","max-video-preview":"max-video-preview:-1"},"canonical":"https:\/\/www.univa.mx\/agora\/pensandolo-bien-tiempos-complejos\/","og_locale":"es_ES","og_type":"article","og_title":"Pens\u00e1ndolo bien: Tiempos complejos - \u00c1gora","og_description":"El 4 de abril de 1967 en la iglesia de Riverside, Martin Luther King pronunci\u00f3 un famoso discurso en el cual denunciaba al gobierno norteamericano como el primer generador de violencia en el mundo, justo un a\u00f1o despu\u00e9s fue asesinado el famoso defensor de los derechos humanos por un supremacista.","og_url":"https:\/\/www.univa.mx\/agora\/pensandolo-bien-tiempos-complejos\/","og_site_name":"\u00c1gora","article_published_time":"2024-12-02T15:00:39+00:00","og_image":[{"width":1280,"height":720,"url":"https:\/\/www.univa.mx\/agora\/wp-content\/uploads\/sites\/14\/2024\/10\/Untitled-1-1-2.gif","type":"image\/gif"}],"author":"Comunicaci\u00f3n Sistema UNIVA","twitter_card":"summary_large_image","twitter_misc":{"Escrito por":"Comunicaci\u00f3n Sistema UNIVA","Tiempo de lectura":"1 minuto"},"schema":{"@context":"https:\/\/schema.org","@graph":[{"@type":"WebPage","@id":"https:\/\/www.univa.mx\/agora\/pensandolo-bien-tiempos-complejos\/","url":"https:\/\/www.univa.mx\/agora\/pensandolo-bien-tiempos-complejos\/","name":"Pens\u00e1ndolo bien: Tiempos complejos - \u00c1gora","isPartOf":{"@id":"https:\/\/www.univa.mx\/agora\/#website"},"primaryImageOfPage":{"@id":"https:\/\/www.univa.mx\/agora\/pensandolo-bien-tiempos-complejos\/#primaryimage"},"image":{"@id":"https:\/\/www.univa.mx\/agora\/pensandolo-bien-tiempos-complejos\/#primaryimage"},"thumbnailUrl":"https:\/\/www.univa.mx\/agora\/wp-content\/uploads\/sites\/14\/2024\/10\/Untitled-1-1-2.gif","datePublished":"2024-12-02T15:00:39+00:00","author":{"@id":"https:\/\/www.univa.mx\/agora\/#\/schema\/person\/257d6e84e733cd038299033a4e51daf8"},"description":"El 4 de abril de 1967 en la iglesia de Riverside, Martin Luther King pronunci\u00f3 un famoso discurso en el cual denunciaba al gobierno norteamericano como el primer generador de violencia en el mundo, justo un a\u00f1o despu\u00e9s fue asesinado el famoso defensor de los derechos humanos por un supremacista.","breadcrumb":{"@id":"https:\/\/www.univa.mx\/agora\/pensandolo-bien-tiempos-complejos\/#breadcrumb"},"inLanguage":"es","potentialAction":[{"@type":"ReadAction","target":["https:\/\/www.univa.mx\/agora\/pensandolo-bien-tiempos-complejos\/"]}]},{"@type":"ImageObject","inLanguage":"es","@id":"https:\/\/www.univa.mx\/agora\/pensandolo-bien-tiempos-complejos\/#primaryimage","url":"https:\/\/www.univa.mx\/agora\/wp-content\/uploads\/sites\/14\/2024\/10\/Untitled-1-1-2.gif","contentUrl":"https:\/\/www.univa.mx\/agora\/wp-content\/uploads\/sites\/14\/2024\/10\/Untitled-1-1-2.gif","width":1280,"height":720},{"@type":"BreadcrumbList","@id":"https:\/\/www.univa.mx\/agora\/pensandolo-bien-tiempos-complejos\/#breadcrumb","itemListElement":[{"@type":"ListItem","position":1,"name":"Portada","item":"https:\/\/www.univa.mx\/agora\/"},{"@type":"ListItem","position":2,"name":"Pens\u00e1ndolo bien: Tiempos complejos"}]},{"@type":"WebSite","@id":"https:\/\/www.univa.mx\/agora\/#website","url":"https:\/\/www.univa.mx\/agora\/","name":"\u00c1gora","description":"","potentialAction":[{"@type":"SearchAction","target":{"@type":"EntryPoint","urlTemplate":"https:\/\/www.univa.mx\/agora\/?s={search_term_string}"},"query-input":{"@type":"PropertyValueSpecification","valueRequired":true,"valueName":"search_term_string"}}],"inLanguage":"es"},{"@type":"Person","@id":"https:\/\/www.univa.mx\/agora\/#\/schema\/person\/257d6e84e733cd038299033a4e51daf8","name":"Comunicaci\u00f3n Sistema UNIVA","image":{"@type":"ImageObject","inLanguage":"es","@id":"https:\/\/www.univa.mx\/agora\/#\/schema\/person\/image\/","url":"https:\/\/secure.gravatar.com\/avatar\/6aa0bbdc2764d6dabb18e0075a849c5887b5f3f2c39e3b19384bfd22e55dba7c?s=96&d=mm&r=g","contentUrl":"https:\/\/secure.gravatar.com\/avatar\/6aa0bbdc2764d6dabb18e0075a849c5887b5f3f2c39e3b19384bfd22e55dba7c?s=96&d=mm&r=g","caption":"Comunicaci\u00f3n Sistema UNIVA"},"url":"https:\/\/www.univa.mx\/agora\/author\/gustavo\/"}]}},"_links":{"self":[{"href":"https:\/\/www.univa.mx\/agora\/wp-json\/wp\/v2\/posts\/4382","targetHints":{"allow":["GET"]}}],"collection":[{"href":"https:\/\/www.univa.mx\/agora\/wp-json\/wp\/v2\/posts"}],"about":[{"href":"https:\/\/www.univa.mx\/agora\/wp-json\/wp\/v2\/types\/post"}],"author":[{"embeddable":true,"href":"https:\/\/www.univa.mx\/agora\/wp-json\/wp\/v2\/users\/40"}],"replies":[{"embeddable":true,"href":"https:\/\/www.univa.mx\/agora\/wp-json\/wp\/v2\/comments?post=4382"}],"version-history":[{"count":1,"href":"https:\/\/www.univa.mx\/agora\/wp-json\/wp\/v2\/posts\/4382\/revisions"}],"predecessor-version":[{"id":4383,"href":"https:\/\/www.univa.mx\/agora\/wp-json\/wp\/v2\/posts\/4382\/revisions\/4383"}],"wp:featuredmedia":[{"embeddable":true,"href":"https:\/\/www.univa.mx\/agora\/wp-json\/wp\/v2\/media\/4283"}],"wp:attachment":[{"href":"https:\/\/www.univa.mx\/agora\/wp-json\/wp\/v2\/media?parent=4382"}],"wp:term":[{"taxonomy":"category","embeddable":true,"href":"https:\/\/www.univa.mx\/agora\/wp-json\/wp\/v2\/categories?post=4382"},{"taxonomy":"post_tag","embeddable":true,"href":"https:\/\/www.univa.mx\/agora\/wp-json\/wp\/v2\/tags?post=4382"}],"curies":[{"name":"wp","href":"https:\/\/api.w.org\/{rel}","templated":true}]}}