{"id":4319,"date":"2024-11-04T10:31:04","date_gmt":"2024-11-04T16:31:04","guid":{"rendered":"https:\/\/www.univa.mx\/agora\/?p=4319"},"modified":"2024-11-04T10:31:04","modified_gmt":"2024-11-04T16:31:04","slug":"pensandolo-bien-cambios-profundos","status":"publish","type":"post","link":"https:\/\/www.univa.mx\/agora\/pensandolo-bien-cambios-profundos\/","title":{"rendered":"Pens\u00e1ndolo bien: Cambios profundos"},"content":{"rendered":"<p><em><strong>Pbro. Lic. Armando Gonz\u00e1lez Escoto \u2219 Direcci\u00f3n de Publicaciones, Sistema UNIVA<\/strong><\/em><\/p>\n<p>Acaba de concluir en la ciudad de Roma un encuentro mundial de laicos y de obispos que han estado trabajando intensamente con un prop\u00f3sito: que la Iglesia cat\u00f3lica recupere su esp\u00edritu comunitario y deje atr\u00e1s una larga historia de clericalismo que margin\u00f3 a los laicos en la toma de decisiones y los redujo a meros fieles asistentes a rituales diversos sin voz ni voto.<\/p>\n<p>Es un hecho que desde la Edad Media el fen\u00f3meno del clericalismo fue creciendo y consolid\u00e1ndose, hasta dar la apariencia de que la Iglesia eran obispos, curas y monjas, aunque \u00e9stas encerradas en sus monasterios. En este proceso la estructura jer\u00e1rquica de la Iglesia se acerc\u00f3 demasiado al modelo de una monarqu\u00eda absoluta, donde solamente los altos dirigentes sab\u00edan lo que se deb\u00eda hacer, y dispon\u00edan que as\u00ed se hiciera, independientemente de lo que pensara la comunidad.<\/p>\n<p>Inevitablemente los laicos se acostumbraron a que las cosas eran as\u00ed, una costumbre que lleva siglos, pero tambi\u00e9n la jerarqu\u00eda se acomod\u00f3 muy bien a esta situaci\u00f3n, tanto, que modificar esa manera de pensar y de actuar ha costado un inmerso esfuerzo enfrentado todo el tiempo con nonatos de cismas y divisiones durante el actual gobierno del Papa Francisco.<\/p>\n<p>Estas reuniones mundiales y peri\u00f3dicas llamadas s\u00ednodos, comienzan a partir de 1965, pero en ellas solamente asist\u00edan los obispos y sus consultores, de hecho, se llamaban justamente \u201cs\u00ednodo de los obispos\u201d, pues solamente ellos participaban, se o\u00edan entre s\u00ed, consultaban asesores, y tomaban sus decisiones. Posteriormente se fueron incorporando laicos expertos en tales o cuales temas, que pod\u00edan hablar, pero no votar, no estaban ah\u00ed representando a nadie, s\u00f3lo eran peritos a los que pod\u00eda convenir escuchar.<\/p>\n<p>La gran novedad del s\u00ednodo que acaba de concluir es que, por primera vez en nuestra historia reciente, numerosos laicos, hombres y mujeres, fueron invitados a participar con voz y voto, de tal manera que dicho s\u00ednodo ya no fue solamente de los obispos, sino de la entera comunidad eclesial. Sin duda que para algunas mentalidades fuertemente clericales esta aparente novedad les ha sido muy dif\u00edcil de digerir, si un mal ha hecho el clericalismo ha sido el de hacer pensar a dichas personas que ellas son las \u00fanicas due\u00f1as de la Iglesia y por lo mismo las \u00fanicas que pueden hablar y decidir.<\/p>\n<p>En el fondo de estos cambios subyace la idea de que todos los miembros de la Iglesia deben hacerse responsables de ella, tienen la capacidad para hacerlo, y el hecho de que los laicos vivan todo el tiempo inmersos en la vida cotidiana de la sociedad, les da una experiencia que no siempre poseen los cl\u00e9rigos, muy frecuentemente aislados en una burbuja de cristal que es su propio estilo de vida y la estructura que los blinda y a la vez lo aleja de la realidad de la gente. Este alejamiento del clero le impide comprender los problemas de todo g\u00e9nero que enfrentan las personas en sus diversas edades, as\u00ed como las causas profundas de sus conductas, mismas que no se pueden reducir al marco estrecho de lo bueno y de lo malo. Que en una asamblea que debe analizar los grandes retos que viven las personas seglares o consagradas, est\u00e9n estas personas incluidas, no solamente es inteligente y sensato, sino congruente con lo que la comunidad cristiana ha querido ser desde sus or\u00edgenes.<\/p>\n<p>Armando Gonz\u00e1lez Escoto<\/p>\n<p>armando.gon@univa.mx<\/p>\n<p>&nbsp;<\/p>\n<p>Publicado en <i>El Informador<\/i> del domingo 3 de noviembre de 2024.<\/p>\n","protected":false},"excerpt":{"rendered":"<p>Pbro. Lic. Armando Gonz\u00e1lez Escoto&#8230;<\/p>\n","protected":false},"author":40,"featured_media":4283,"comment_status":"closed","ping_status":"closed","sticky":false,"template":"","format":"standard","meta":{"footnotes":""},"categories":[6,17],"tags":[],"class_list":{"0":"post-4319","1":"post","2":"type-post","3":"status-publish","4":"format-standard","5":"has-post-thumbnail","7":"category-lideres-de-opinion","8":"category-voces-univa"},"yoast_head":"<!-- This site is optimized with the Yoast SEO plugin v26.6 - https:\/\/yoast.com\/wordpress\/plugins\/seo\/ -->\n<title>Pens\u00e1ndolo bien: Cambios profundos - \u00c1gora<\/title>\n<meta name=\"description\" content=\"Acaba de concluir en la ciudad de Roma un encuentro mundial de laicos y de obispos que han estado trabajando intensamente con un prop\u00f3sito: que la Iglesia cat\u00f3lica recupere su esp\u00edritu comunitario y deje atr\u00e1s una larga historia de clericalismo que margin\u00f3 a los laicos en la toma de decisiones y los redujo a meros fieles asistentes a rituales diversos sin voz ni voto.\u00a0\" \/>\n<meta name=\"robots\" content=\"index, follow, max-snippet:-1, max-image-preview:large, max-video-preview:-1\" \/>\n<link rel=\"canonical\" href=\"https:\/\/www.univa.mx\/agora\/pensandolo-bien-cambios-profundos\/\" \/>\n<meta property=\"og:locale\" content=\"es_ES\" \/>\n<meta property=\"og:type\" content=\"article\" \/>\n<meta property=\"og:title\" content=\"Pens\u00e1ndolo bien: Cambios profundos - \u00c1gora\" \/>\n<meta property=\"og:description\" content=\"Acaba de concluir en la ciudad de Roma un encuentro mundial de laicos y de obispos que han estado trabajando intensamente con un prop\u00f3sito: que la Iglesia cat\u00f3lica recupere su esp\u00edritu comunitario y deje atr\u00e1s una larga historia de clericalismo que margin\u00f3 a los laicos en la toma de decisiones y los redujo a meros fieles asistentes a rituales diversos sin voz ni voto.\u00a0\" \/>\n<meta property=\"og:url\" content=\"https:\/\/www.univa.mx\/agora\/pensandolo-bien-cambios-profundos\/\" \/>\n<meta property=\"og:site_name\" content=\"\u00c1gora\" \/>\n<meta property=\"article:published_time\" content=\"2024-11-04T16:31:04+00:00\" \/>\n<meta property=\"og:image\" content=\"https:\/\/www.univa.mx\/agora\/wp-content\/uploads\/sites\/14\/2024\/10\/Untitled-1-1-2.gif\" \/>\n\t<meta property=\"og:image:width\" content=\"1280\" \/>\n\t<meta property=\"og:image:height\" content=\"720\" \/>\n\t<meta property=\"og:image:type\" content=\"image\/gif\" \/>\n<meta name=\"author\" content=\"Comunicaci\u00f3n Sistema UNIVA\" \/>\n<meta name=\"twitter:card\" content=\"summary_large_image\" \/>\n<meta name=\"twitter:label1\" content=\"Escrito por\" \/>\n\t<meta name=\"twitter:data1\" content=\"Comunicaci\u00f3n Sistema UNIVA\" \/>\n\t<meta name=\"twitter:label2\" content=\"Tiempo de lectura\" \/>\n\t<meta name=\"twitter:data2\" content=\"1 minuto\" \/>\n<script type=\"application\/ld+json\" class=\"yoast-schema-graph\">{\"@context\":\"https:\/\/schema.org\",\"@graph\":[{\"@type\":\"WebPage\",\"@id\":\"https:\/\/www.univa.mx\/agora\/pensandolo-bien-cambios-profundos\/\",\"url\":\"https:\/\/www.univa.mx\/agora\/pensandolo-bien-cambios-profundos\/\",\"name\":\"Pens\u00e1ndolo bien: Cambios profundos - \u00c1gora\",\"isPartOf\":{\"@id\":\"https:\/\/www.univa.mx\/agora\/#website\"},\"primaryImageOfPage\":{\"@id\":\"https:\/\/www.univa.mx\/agora\/pensandolo-bien-cambios-profundos\/#primaryimage\"},\"image\":{\"@id\":\"https:\/\/www.univa.mx\/agora\/pensandolo-bien-cambios-profundos\/#primaryimage\"},\"thumbnailUrl\":\"https:\/\/www.univa.mx\/agora\/wp-content\/uploads\/sites\/14\/2024\/10\/Untitled-1-1-2.gif\",\"datePublished\":\"2024-11-04T16:31:04+00:00\",\"author\":{\"@id\":\"https:\/\/www.univa.mx\/agora\/#\/schema\/person\/257d6e84e733cd038299033a4e51daf8\"},\"description\":\"Acaba de concluir en la ciudad de Roma un encuentro mundial de laicos y de obispos que han estado trabajando intensamente con un prop\u00f3sito: que la Iglesia cat\u00f3lica recupere su esp\u00edritu comunitario y deje atr\u00e1s una larga historia de clericalismo que margin\u00f3 a los laicos en la toma de decisiones y los redujo a meros fieles asistentes a rituales diversos sin voz ni voto.\u00a0\",\"breadcrumb\":{\"@id\":\"https:\/\/www.univa.mx\/agora\/pensandolo-bien-cambios-profundos\/#breadcrumb\"},\"inLanguage\":\"es\",\"potentialAction\":[{\"@type\":\"ReadAction\",\"target\":[\"https:\/\/www.univa.mx\/agora\/pensandolo-bien-cambios-profundos\/\"]}]},{\"@type\":\"ImageObject\",\"inLanguage\":\"es\",\"@id\":\"https:\/\/www.univa.mx\/agora\/pensandolo-bien-cambios-profundos\/#primaryimage\",\"url\":\"https:\/\/www.univa.mx\/agora\/wp-content\/uploads\/sites\/14\/2024\/10\/Untitled-1-1-2.gif\",\"contentUrl\":\"https:\/\/www.univa.mx\/agora\/wp-content\/uploads\/sites\/14\/2024\/10\/Untitled-1-1-2.gif\",\"width\":1280,\"height\":720},{\"@type\":\"BreadcrumbList\",\"@id\":\"https:\/\/www.univa.mx\/agora\/pensandolo-bien-cambios-profundos\/#breadcrumb\",\"itemListElement\":[{\"@type\":\"ListItem\",\"position\":1,\"name\":\"Portada\",\"item\":\"https:\/\/www.univa.mx\/agora\/\"},{\"@type\":\"ListItem\",\"position\":2,\"name\":\"Pens\u00e1ndolo bien: Cambios profundos\"}]},{\"@type\":\"WebSite\",\"@id\":\"https:\/\/www.univa.mx\/agora\/#website\",\"url\":\"https:\/\/www.univa.mx\/agora\/\",\"name\":\"\u00c1gora\",\"description\":\"\",\"potentialAction\":[{\"@type\":\"SearchAction\",\"target\":{\"@type\":\"EntryPoint\",\"urlTemplate\":\"https:\/\/www.univa.mx\/agora\/?s={search_term_string}\"},\"query-input\":{\"@type\":\"PropertyValueSpecification\",\"valueRequired\":true,\"valueName\":\"search_term_string\"}}],\"inLanguage\":\"es\"},{\"@type\":\"Person\",\"@id\":\"https:\/\/www.univa.mx\/agora\/#\/schema\/person\/257d6e84e733cd038299033a4e51daf8\",\"name\":\"Comunicaci\u00f3n Sistema UNIVA\",\"image\":{\"@type\":\"ImageObject\",\"inLanguage\":\"es\",\"@id\":\"https:\/\/www.univa.mx\/agora\/#\/schema\/person\/image\/\",\"url\":\"https:\/\/secure.gravatar.com\/avatar\/6aa0bbdc2764d6dabb18e0075a849c5887b5f3f2c39e3b19384bfd22e55dba7c?s=96&d=mm&r=g\",\"contentUrl\":\"https:\/\/secure.gravatar.com\/avatar\/6aa0bbdc2764d6dabb18e0075a849c5887b5f3f2c39e3b19384bfd22e55dba7c?s=96&d=mm&r=g\",\"caption\":\"Comunicaci\u00f3n Sistema UNIVA\"},\"url\":\"https:\/\/www.univa.mx\/agora\/author\/gustavo\/\"}]}<\/script>\n<!-- \/ Yoast SEO plugin. -->","yoast_head_json":{"title":"Pens\u00e1ndolo bien: Cambios profundos - \u00c1gora","description":"Acaba de concluir en la ciudad de Roma un encuentro mundial de laicos y de obispos que han estado trabajando intensamente con un prop\u00f3sito: que la Iglesia cat\u00f3lica recupere su esp\u00edritu comunitario y deje atr\u00e1s una larga historia de clericalismo que margin\u00f3 a los laicos en la toma de decisiones y los redujo a meros fieles asistentes a rituales diversos sin voz ni voto.\u00a0","robots":{"index":"index","follow":"follow","max-snippet":"max-snippet:-1","max-image-preview":"max-image-preview:large","max-video-preview":"max-video-preview:-1"},"canonical":"https:\/\/www.univa.mx\/agora\/pensandolo-bien-cambios-profundos\/","og_locale":"es_ES","og_type":"article","og_title":"Pens\u00e1ndolo bien: Cambios profundos - \u00c1gora","og_description":"Acaba de concluir en la ciudad de Roma un encuentro mundial de laicos y de obispos que han estado trabajando intensamente con un prop\u00f3sito: que la Iglesia cat\u00f3lica recupere su esp\u00edritu comunitario y deje atr\u00e1s una larga historia de clericalismo que margin\u00f3 a los laicos en la toma de decisiones y los redujo a meros fieles asistentes a rituales diversos sin voz ni voto.\u00a0","og_url":"https:\/\/www.univa.mx\/agora\/pensandolo-bien-cambios-profundos\/","og_site_name":"\u00c1gora","article_published_time":"2024-11-04T16:31:04+00:00","og_image":[{"width":1280,"height":720,"url":"https:\/\/www.univa.mx\/agora\/wp-content\/uploads\/sites\/14\/2024\/10\/Untitled-1-1-2.gif","type":"image\/gif"}],"author":"Comunicaci\u00f3n Sistema UNIVA","twitter_card":"summary_large_image","twitter_misc":{"Escrito por":"Comunicaci\u00f3n Sistema UNIVA","Tiempo de lectura":"1 minuto"},"schema":{"@context":"https:\/\/schema.org","@graph":[{"@type":"WebPage","@id":"https:\/\/www.univa.mx\/agora\/pensandolo-bien-cambios-profundos\/","url":"https:\/\/www.univa.mx\/agora\/pensandolo-bien-cambios-profundos\/","name":"Pens\u00e1ndolo bien: Cambios profundos - \u00c1gora","isPartOf":{"@id":"https:\/\/www.univa.mx\/agora\/#website"},"primaryImageOfPage":{"@id":"https:\/\/www.univa.mx\/agora\/pensandolo-bien-cambios-profundos\/#primaryimage"},"image":{"@id":"https:\/\/www.univa.mx\/agora\/pensandolo-bien-cambios-profundos\/#primaryimage"},"thumbnailUrl":"https:\/\/www.univa.mx\/agora\/wp-content\/uploads\/sites\/14\/2024\/10\/Untitled-1-1-2.gif","datePublished":"2024-11-04T16:31:04+00:00","author":{"@id":"https:\/\/www.univa.mx\/agora\/#\/schema\/person\/257d6e84e733cd038299033a4e51daf8"},"description":"Acaba de concluir en la ciudad de Roma un encuentro mundial de laicos y de obispos que han estado trabajando intensamente con un prop\u00f3sito: que la Iglesia cat\u00f3lica recupere su esp\u00edritu comunitario y deje atr\u00e1s una larga historia de clericalismo que margin\u00f3 a los laicos en la toma de decisiones y los redujo a meros fieles asistentes a rituales diversos sin voz ni voto.\u00a0","breadcrumb":{"@id":"https:\/\/www.univa.mx\/agora\/pensandolo-bien-cambios-profundos\/#breadcrumb"},"inLanguage":"es","potentialAction":[{"@type":"ReadAction","target":["https:\/\/www.univa.mx\/agora\/pensandolo-bien-cambios-profundos\/"]}]},{"@type":"ImageObject","inLanguage":"es","@id":"https:\/\/www.univa.mx\/agora\/pensandolo-bien-cambios-profundos\/#primaryimage","url":"https:\/\/www.univa.mx\/agora\/wp-content\/uploads\/sites\/14\/2024\/10\/Untitled-1-1-2.gif","contentUrl":"https:\/\/www.univa.mx\/agora\/wp-content\/uploads\/sites\/14\/2024\/10\/Untitled-1-1-2.gif","width":1280,"height":720},{"@type":"BreadcrumbList","@id":"https:\/\/www.univa.mx\/agora\/pensandolo-bien-cambios-profundos\/#breadcrumb","itemListElement":[{"@type":"ListItem","position":1,"name":"Portada","item":"https:\/\/www.univa.mx\/agora\/"},{"@type":"ListItem","position":2,"name":"Pens\u00e1ndolo bien: Cambios profundos"}]},{"@type":"WebSite","@id":"https:\/\/www.univa.mx\/agora\/#website","url":"https:\/\/www.univa.mx\/agora\/","name":"\u00c1gora","description":"","potentialAction":[{"@type":"SearchAction","target":{"@type":"EntryPoint","urlTemplate":"https:\/\/www.univa.mx\/agora\/?s={search_term_string}"},"query-input":{"@type":"PropertyValueSpecification","valueRequired":true,"valueName":"search_term_string"}}],"inLanguage":"es"},{"@type":"Person","@id":"https:\/\/www.univa.mx\/agora\/#\/schema\/person\/257d6e84e733cd038299033a4e51daf8","name":"Comunicaci\u00f3n Sistema UNIVA","image":{"@type":"ImageObject","inLanguage":"es","@id":"https:\/\/www.univa.mx\/agora\/#\/schema\/person\/image\/","url":"https:\/\/secure.gravatar.com\/avatar\/6aa0bbdc2764d6dabb18e0075a849c5887b5f3f2c39e3b19384bfd22e55dba7c?s=96&d=mm&r=g","contentUrl":"https:\/\/secure.gravatar.com\/avatar\/6aa0bbdc2764d6dabb18e0075a849c5887b5f3f2c39e3b19384bfd22e55dba7c?s=96&d=mm&r=g","caption":"Comunicaci\u00f3n Sistema UNIVA"},"url":"https:\/\/www.univa.mx\/agora\/author\/gustavo\/"}]}},"_links":{"self":[{"href":"https:\/\/www.univa.mx\/agora\/wp-json\/wp\/v2\/posts\/4319","targetHints":{"allow":["GET"]}}],"collection":[{"href":"https:\/\/www.univa.mx\/agora\/wp-json\/wp\/v2\/posts"}],"about":[{"href":"https:\/\/www.univa.mx\/agora\/wp-json\/wp\/v2\/types\/post"}],"author":[{"embeddable":true,"href":"https:\/\/www.univa.mx\/agora\/wp-json\/wp\/v2\/users\/40"}],"replies":[{"embeddable":true,"href":"https:\/\/www.univa.mx\/agora\/wp-json\/wp\/v2\/comments?post=4319"}],"version-history":[{"count":1,"href":"https:\/\/www.univa.mx\/agora\/wp-json\/wp\/v2\/posts\/4319\/revisions"}],"predecessor-version":[{"id":4320,"href":"https:\/\/www.univa.mx\/agora\/wp-json\/wp\/v2\/posts\/4319\/revisions\/4320"}],"wp:featuredmedia":[{"embeddable":true,"href":"https:\/\/www.univa.mx\/agora\/wp-json\/wp\/v2\/media\/4283"}],"wp:attachment":[{"href":"https:\/\/www.univa.mx\/agora\/wp-json\/wp\/v2\/media?parent=4319"}],"wp:term":[{"taxonomy":"category","embeddable":true,"href":"https:\/\/www.univa.mx\/agora\/wp-json\/wp\/v2\/categories?post=4319"},{"taxonomy":"post_tag","embeddable":true,"href":"https:\/\/www.univa.mx\/agora\/wp-json\/wp\/v2\/tags?post=4319"}],"curies":[{"name":"wp","href":"https:\/\/api.w.org\/{rel}","templated":true}]}}