{"id":3629,"date":"2024-05-15T09:00:25","date_gmt":"2024-05-15T15:00:25","guid":{"rendered":"https:\/\/www.univa.mx\/agora\/?p=3629"},"modified":"2024-05-14T10:04:05","modified_gmt":"2024-05-14T16:04:05","slug":"el-dolor-sana-con-el-olvido","status":"publish","type":"post","link":"https:\/\/www.univa.mx\/agora\/el-dolor-sana-con-el-olvido\/","title":{"rendered":"\u00bfEl dolor sana con el olvido?"},"content":{"rendered":"<p><em><strong>Daniela D\u00edaz \u00b7 Estudiante de bachillerato, UNIVA Guadalajara<\/strong><\/em><\/p>\n<p>Lo m\u00e1s humano es querer evitar lo que podemos decir que es peligroso o que puede ser ocasi\u00f3nate del sufrimiento, es un mecanismo de defensa y sobrevivencia, pero a pesar de ello no deja de ser algo inevitable, de ah\u00ed la importancia de tener un adecuado control de los recuerdos, con esto quiero referirme al c\u00f3mo se trabaja con aquellos sucesos traum\u00e1ticos que pueden desencadenar efectos secundarios de salud, tanto emocionales como f\u00edsicos.<\/p>\n<p>Los pedazos mortales que se encajan en el alma, dejan peque\u00f1os vidrios que se reconstruyen en la imagen de nosotros mismos, somos lo que superamos, no lo que vivimos.<\/p>\n<p>A veces las personas que experimentan este tipo de impactos, suelen buscar al olvido como la herramienta que les puede dar la esperanza de dejar oculto en el pasado las secuelas de dichas experiencias, pero \u00bf realmente esto puede representar una soluci\u00f3n a largo plazo?<\/p>\n<p>Como un sombr\u00edo regalo, en donde se guardan los recuerdos m\u00e1s corrosivos, y donde la memoria se oculta bajo las tinieblas, es aquel lugar que se denomina como \u201colvido\u201d. Es un espacio vac\u00edo de alg\u00fan sentimiento, carece de las emociones que abundan en los recuerdos, y, sin embargo, el olvido es el refugio m\u00e1s reconfortante, para que el dolor no sea una sensaci\u00f3n abrumadora en los provenientes d\u00edas.<\/p>\n<p>Dicen que el tiempo es el perfecto acompa\u00f1ante para llegar a este punto, es el peor enga\u00f1o que se divulga entre las personas, porque solo nosotros tenemos el dominio de esta herramienta, decidimos hacerlo y no es imposici\u00f3n del tiempo. Como humanos divagamos en el razonamiento para satisfacernos, pero cuando este representa una amenaza para lo que nos puede traer la felicidad esperada, simplemente lo ignoramos. Es as\u00ed con la memoria, hace la selecci\u00f3n de lo indispensable y lo innecesario, y de aqu\u00ed parte mi pregunta principal \u00bfEl dolor sana con el olvido?<\/p>\n<p>Decimos constantemente que el perd\u00f3n implica olvidar, pero \u00bfrealmente se olvida? O es que simplemente nos deja de importar el hecho que en alg\u00fan momento nos hiri\u00f3. Pero incluso cuando el perd\u00f3n llega al punto en donde ya no se manifiesta dolor por lo acontecido en el pasado, aun as\u00ed, no somos capaces por voluntad propia borrar de la memoria aquel momento que se percibe como da\u00f1ino. Es contradictorio decir que somos los due\u00f1os de nuestros recuerdos y no poder manipularlos para olvidar aquellos que sean tormentosos, el padecimiento emocional es tan inevitable como el f\u00edsico, en ambos nos quedan cicatrices de un sufrimiento, van tan de la mano que no podemos pensar en uno sin que conlleve al otro, es un malestar con el cual se aprende a vivir, no desaparece, pero esto no debe de ser el enfoque principal de nuestras vidas.<\/p>\n<p>Podemos decir que el olvido solo es la idea err\u00f3nea de lo que implica sanar, porque la trayectoria de la vida nos suele regresar lo que no se concluye, lo que queremos dejar sin resolver, evitar el dolor solo es aplazar la curaci\u00f3n y prolongar la tristeza que esto conlleva.<\/p>\n<p>Lo cierto es que nada es para siempre, por ello se debe aprovechar el tiempo que se nos brinda y no gastarlo con la acumulaci\u00f3n de las aflicciones.<\/p>\n<p>Enfrentarse con esos sucesos traum\u00e1ticos puede llegar a ser desgastante para las personas, pero el mejor tratamiento para poder conllevarlos es no negar que existieron, si no que se deben de afrontar, pero no de la misma manera como se ataca a un enemigo, es platearnos como idea principal de no ceder el dominio de nosotros, a estos sucesos que son tan destructivos para la persona.<\/p>\n<p>El olvido es la paz del cobarde y el miedo del valiente, porque el miedo es m\u00e1s grande cuando peleas contigo mismo.<\/p>\n<p>Ser libres depende de no ser tu propio verdugo. Es cierto que la felicidad se esconde debajo de los momentos dif\u00edciles de la vida, por lo tanto, es fundamental la b\u00fasqueda de la misma, lo que a veces resulta ser un impedimento para esto, son los obst\u00e1culos que vamos dejando y que generalmente son el resultado de la infelicidad provocada por experiencias pasadas.<\/p>\n<p>Por \u00faltimo, debo de mencionar algo importante, todas las personas tenemos la fortaleza para afrontar el dolor, solo que algunas no supieron c\u00f3mo y muchas otras no se les ha puesto a prueba.<\/p>\n<p>Para el dolor no hay cura, pero s\u00ed tratamiento.<\/p>\n","protected":false},"excerpt":{"rendered":"<p>Daniela D\u00edaz \u00b7 Estudiante de&#8230;<\/p>\n","protected":false},"author":40,"featured_media":3602,"comment_status":"closed","ping_status":"closed","sticky":false,"template":"","format":"standard","meta":{"footnotes":""},"categories":[7,17],"tags":[],"class_list":["post-3629","post","type-post","status-publish","format-standard","has-post-thumbnail","category-lideres-universitarios","category-voces-univa"],"yoast_head":"<!-- This site is optimized with the Yoast SEO plugin v28.0 - https:\/\/yoast.com\/product\/yoast-seo-wordpress\/ -->\n<title>\u00bfEl dolor sana con el olvido? - \u00c1gora<\/title>\n<meta name=\"description\" content=\"Lo m\u00e1s humano es querer evitar lo que podemos decir que es peligroso o que puede ser ocasi\u00f3nate del sufrimiento, es un mecanismo de defensa y sobrevivencia, pero a pesar de ello no deja de ser algo inevitable, de ah\u00ed la importancia de tener un adecuado control de los recuerdos, con esto quiero referirme al c\u00f3mo se trabaja con aquellos sucesos traum\u00e1ticos que pueden desencadenar efectos secundarios de salud, tanto emocionales como f\u00edsicos.\" \/>\n<meta name=\"robots\" content=\"index, follow, max-snippet:-1, max-image-preview:large, max-video-preview:-1\" \/>\n<link rel=\"canonical\" href=\"https:\/\/www.univa.mx\/agora\/el-dolor-sana-con-el-olvido\/\" \/>\n<meta property=\"og:locale\" content=\"es_ES\" \/>\n<meta property=\"og:type\" content=\"article\" \/>\n<meta property=\"og:title\" content=\"\u00bfEl dolor sana con el olvido? - \u00c1gora\" \/>\n<meta property=\"og:description\" content=\"Lo m\u00e1s humano es querer evitar lo que podemos decir que es peligroso o que puede ser ocasi\u00f3nate del sufrimiento, es un mecanismo de defensa y sobrevivencia, pero a pesar de ello no deja de ser algo inevitable, de ah\u00ed la importancia de tener un adecuado control de los recuerdos, con esto quiero referirme al c\u00f3mo se trabaja con aquellos sucesos traum\u00e1ticos que pueden desencadenar efectos secundarios de salud, tanto emocionales como f\u00edsicos.\" \/>\n<meta property=\"og:url\" content=\"https:\/\/www.univa.mx\/agora\/el-dolor-sana-con-el-olvido\/\" \/>\n<meta property=\"og:site_name\" content=\"\u00c1gora\" \/>\n<meta property=\"article:published_time\" content=\"2024-05-15T15:00:25+00:00\" \/>\n<meta property=\"og:image\" content=\"https:\/\/www.univa.mx\/agora\/wp-content\/uploads\/sites\/14\/2024\/05\/Daniela-Diaz-1.gif\" \/>\n\t<meta property=\"og:image:width\" content=\"1280\" \/>\n\t<meta property=\"og:image:height\" content=\"720\" \/>\n\t<meta property=\"og:image:type\" content=\"image\/gif\" \/>\n<meta name=\"author\" content=\"Comunicaci\u00f3n Sistema UNIVA\" \/>\n<meta name=\"twitter:card\" content=\"summary_large_image\" \/>\n<meta name=\"twitter:label1\" content=\"Escrito por\" \/>\n\t<meta name=\"twitter:data1\" content=\"Comunicaci\u00f3n Sistema UNIVA\" \/>\n\t<meta name=\"twitter:label2\" content=\"Tiempo de lectura\" \/>\n\t<meta name=\"twitter:data2\" content=\"4 minutos\" \/>\n<script type=\"application\/ld+json\" class=\"yoast-schema-graph\">{\"@context\":\"https:\\\/\\\/schema.org\",\"@graph\":[{\"@type\":\"Article\",\"@id\":\"https:\\\/\\\/www.univa.mx\\\/agora\\\/el-dolor-sana-con-el-olvido\\\/#article\",\"isPartOf\":{\"@id\":\"https:\\\/\\\/www.univa.mx\\\/agora\\\/el-dolor-sana-con-el-olvido\\\/\"},\"author\":{\"name\":\"Comunicaci\u00f3n Sistema UNIVA\",\"@id\":\"https:\\\/\\\/www.univa.mx\\\/agora\\\/#\\\/schema\\\/person\\\/698af210c9a2ad5b61255af506d223e3\"},\"headline\":\"\u00bfEl dolor sana con el olvido?\",\"datePublished\":\"2024-05-15T15:00:25+00:00\",\"mainEntityOfPage\":{\"@id\":\"https:\\\/\\\/www.univa.mx\\\/agora\\\/el-dolor-sana-con-el-olvido\\\/\"},\"wordCount\":769,\"image\":{\"@id\":\"https:\\\/\\\/www.univa.mx\\\/agora\\\/el-dolor-sana-con-el-olvido\\\/#primaryimage\"},\"thumbnailUrl\":\"https:\\\/\\\/www.univa.mx\\\/agora\\\/wp-content\\\/uploads\\\/sites\\\/14\\\/2024\\\/05\\\/Daniela-Diaz-1.gif\",\"articleSection\":[\"L\u00edderes Universitarios\",\"Voces UNIVA\"],\"inLanguage\":\"es\"},{\"@type\":\"WebPage\",\"@id\":\"https:\\\/\\\/www.univa.mx\\\/agora\\\/el-dolor-sana-con-el-olvido\\\/\",\"url\":\"https:\\\/\\\/www.univa.mx\\\/agora\\\/el-dolor-sana-con-el-olvido\\\/\",\"name\":\"\u00bfEl dolor sana con el olvido? - \u00c1gora\",\"isPartOf\":{\"@id\":\"https:\\\/\\\/www.univa.mx\\\/agora\\\/#website\"},\"primaryImageOfPage\":{\"@id\":\"https:\\\/\\\/www.univa.mx\\\/agora\\\/el-dolor-sana-con-el-olvido\\\/#primaryimage\"},\"image\":{\"@id\":\"https:\\\/\\\/www.univa.mx\\\/agora\\\/el-dolor-sana-con-el-olvido\\\/#primaryimage\"},\"thumbnailUrl\":\"https:\\\/\\\/www.univa.mx\\\/agora\\\/wp-content\\\/uploads\\\/sites\\\/14\\\/2024\\\/05\\\/Daniela-Diaz-1.gif\",\"datePublished\":\"2024-05-15T15:00:25+00:00\",\"author\":{\"@id\":\"https:\\\/\\\/www.univa.mx\\\/agora\\\/#\\\/schema\\\/person\\\/698af210c9a2ad5b61255af506d223e3\"},\"description\":\"Lo m\u00e1s humano es querer evitar lo que podemos decir que es peligroso o que puede ser ocasi\u00f3nate del sufrimiento, es un mecanismo de defensa y sobrevivencia, pero a pesar de ello no deja de ser algo inevitable, de ah\u00ed la importancia de tener un adecuado control de los recuerdos, con esto quiero referirme al c\u00f3mo se trabaja con aquellos sucesos traum\u00e1ticos que pueden desencadenar efectos secundarios de salud, tanto emocionales como f\u00edsicos.\",\"breadcrumb\":{\"@id\":\"https:\\\/\\\/www.univa.mx\\\/agora\\\/el-dolor-sana-con-el-olvido\\\/#breadcrumb\"},\"inLanguage\":\"es\",\"potentialAction\":[{\"@type\":\"ReadAction\",\"target\":[\"https:\\\/\\\/www.univa.mx\\\/agora\\\/el-dolor-sana-con-el-olvido\\\/\"]}]},{\"@type\":\"ImageObject\",\"inLanguage\":\"es\",\"@id\":\"https:\\\/\\\/www.univa.mx\\\/agora\\\/el-dolor-sana-con-el-olvido\\\/#primaryimage\",\"url\":\"https:\\\/\\\/www.univa.mx\\\/agora\\\/wp-content\\\/uploads\\\/sites\\\/14\\\/2024\\\/05\\\/Daniela-Diaz-1.gif\",\"contentUrl\":\"https:\\\/\\\/www.univa.mx\\\/agora\\\/wp-content\\\/uploads\\\/sites\\\/14\\\/2024\\\/05\\\/Daniela-Diaz-1.gif\",\"width\":1280,\"height\":720},{\"@type\":\"BreadcrumbList\",\"@id\":\"https:\\\/\\\/www.univa.mx\\\/agora\\\/el-dolor-sana-con-el-olvido\\\/#breadcrumb\",\"itemListElement\":[{\"@type\":\"ListItem\",\"position\":1,\"name\":\"Portada\",\"item\":\"https:\\\/\\\/www.univa.mx\\\/agora\\\/\"},{\"@type\":\"ListItem\",\"position\":2,\"name\":\"\u00bfEl dolor sana con el olvido?\"}]},{\"@type\":\"WebSite\",\"@id\":\"https:\\\/\\\/www.univa.mx\\\/agora\\\/#website\",\"url\":\"https:\\\/\\\/www.univa.mx\\\/agora\\\/\",\"name\":\"\u00c1gora\",\"description\":\"\",\"potentialAction\":[{\"@type\":\"SearchAction\",\"target\":{\"@type\":\"EntryPoint\",\"urlTemplate\":\"https:\\\/\\\/www.univa.mx\\\/agora\\\/?s={search_term_string}\"},\"query-input\":{\"@type\":\"PropertyValueSpecification\",\"valueRequired\":true,\"valueName\":\"search_term_string\"}}],\"inLanguage\":\"es\"},{\"@type\":\"Person\",\"@id\":\"https:\\\/\\\/www.univa.mx\\\/agora\\\/#\\\/schema\\\/person\\\/698af210c9a2ad5b61255af506d223e3\",\"name\":\"Comunicaci\u00f3n Sistema UNIVA\",\"image\":{\"@type\":\"ImageObject\",\"inLanguage\":\"es\",\"@id\":\"https:\\\/\\\/secure.gravatar.com\\\/avatar\\\/6aa0bbdc2764d6dabb18e0075a849c5887b5f3f2c39e3b19384bfd22e55dba7c?s=96&d=mm&r=g\",\"url\":\"https:\\\/\\\/secure.gravatar.com\\\/avatar\\\/6aa0bbdc2764d6dabb18e0075a849c5887b5f3f2c39e3b19384bfd22e55dba7c?s=96&d=mm&r=g\",\"contentUrl\":\"https:\\\/\\\/secure.gravatar.com\\\/avatar\\\/6aa0bbdc2764d6dabb18e0075a849c5887b5f3f2c39e3b19384bfd22e55dba7c?s=96&d=mm&r=g\",\"caption\":\"Comunicaci\u00f3n Sistema UNIVA\"},\"url\":\"https:\\\/\\\/www.univa.mx\\\/agora\\\/author\\\/gustavo\\\/\"}]}<\/script>\n<!-- \/ Yoast SEO plugin. -->","yoast_head_json":{"title":"\u00bfEl dolor sana con el olvido? - \u00c1gora","description":"Lo m\u00e1s humano es querer evitar lo que podemos decir que es peligroso o que puede ser ocasi\u00f3nate del sufrimiento, es un mecanismo de defensa y sobrevivencia, pero a pesar de ello no deja de ser algo inevitable, de ah\u00ed la importancia de tener un adecuado control de los recuerdos, con esto quiero referirme al c\u00f3mo se trabaja con aquellos sucesos traum\u00e1ticos que pueden desencadenar efectos secundarios de salud, tanto emocionales como f\u00edsicos.","robots":{"index":"index","follow":"follow","max-snippet":"max-snippet:-1","max-image-preview":"max-image-preview:large","max-video-preview":"max-video-preview:-1"},"canonical":"https:\/\/www.univa.mx\/agora\/el-dolor-sana-con-el-olvido\/","og_locale":"es_ES","og_type":"article","og_title":"\u00bfEl dolor sana con el olvido? - \u00c1gora","og_description":"Lo m\u00e1s humano es querer evitar lo que podemos decir que es peligroso o que puede ser ocasi\u00f3nate del sufrimiento, es un mecanismo de defensa y sobrevivencia, pero a pesar de ello no deja de ser algo inevitable, de ah\u00ed la importancia de tener un adecuado control de los recuerdos, con esto quiero referirme al c\u00f3mo se trabaja con aquellos sucesos traum\u00e1ticos que pueden desencadenar efectos secundarios de salud, tanto emocionales como f\u00edsicos.","og_url":"https:\/\/www.univa.mx\/agora\/el-dolor-sana-con-el-olvido\/","og_site_name":"\u00c1gora","article_published_time":"2024-05-15T15:00:25+00:00","og_image":[{"width":1280,"height":720,"url":"https:\/\/www.univa.mx\/agora\/wp-content\/uploads\/sites\/14\/2024\/05\/Daniela-Diaz-1.gif","type":"image\/gif"}],"author":"Comunicaci\u00f3n Sistema UNIVA","twitter_card":"summary_large_image","twitter_misc":{"Escrito por":"Comunicaci\u00f3n Sistema UNIVA","Tiempo de lectura":"4 minutos"},"schema":{"@context":"https:\/\/schema.org","@graph":[{"@type":"Article","@id":"https:\/\/www.univa.mx\/agora\/el-dolor-sana-con-el-olvido\/#article","isPartOf":{"@id":"https:\/\/www.univa.mx\/agora\/el-dolor-sana-con-el-olvido\/"},"author":{"name":"Comunicaci\u00f3n Sistema UNIVA","@id":"https:\/\/www.univa.mx\/agora\/#\/schema\/person\/698af210c9a2ad5b61255af506d223e3"},"headline":"\u00bfEl dolor sana con el olvido?","datePublished":"2024-05-15T15:00:25+00:00","mainEntityOfPage":{"@id":"https:\/\/www.univa.mx\/agora\/el-dolor-sana-con-el-olvido\/"},"wordCount":769,"image":{"@id":"https:\/\/www.univa.mx\/agora\/el-dolor-sana-con-el-olvido\/#primaryimage"},"thumbnailUrl":"https:\/\/www.univa.mx\/agora\/wp-content\/uploads\/sites\/14\/2024\/05\/Daniela-Diaz-1.gif","articleSection":["L\u00edderes Universitarios","Voces UNIVA"],"inLanguage":"es"},{"@type":"WebPage","@id":"https:\/\/www.univa.mx\/agora\/el-dolor-sana-con-el-olvido\/","url":"https:\/\/www.univa.mx\/agora\/el-dolor-sana-con-el-olvido\/","name":"\u00bfEl dolor sana con el olvido? - \u00c1gora","isPartOf":{"@id":"https:\/\/www.univa.mx\/agora\/#website"},"primaryImageOfPage":{"@id":"https:\/\/www.univa.mx\/agora\/el-dolor-sana-con-el-olvido\/#primaryimage"},"image":{"@id":"https:\/\/www.univa.mx\/agora\/el-dolor-sana-con-el-olvido\/#primaryimage"},"thumbnailUrl":"https:\/\/www.univa.mx\/agora\/wp-content\/uploads\/sites\/14\/2024\/05\/Daniela-Diaz-1.gif","datePublished":"2024-05-15T15:00:25+00:00","author":{"@id":"https:\/\/www.univa.mx\/agora\/#\/schema\/person\/698af210c9a2ad5b61255af506d223e3"},"description":"Lo m\u00e1s humano es querer evitar lo que podemos decir que es peligroso o que puede ser ocasi\u00f3nate del sufrimiento, es un mecanismo de defensa y sobrevivencia, pero a pesar de ello no deja de ser algo inevitable, de ah\u00ed la importancia de tener un adecuado control de los recuerdos, con esto quiero referirme al c\u00f3mo se trabaja con aquellos sucesos traum\u00e1ticos que pueden desencadenar efectos secundarios de salud, tanto emocionales como f\u00edsicos.","breadcrumb":{"@id":"https:\/\/www.univa.mx\/agora\/el-dolor-sana-con-el-olvido\/#breadcrumb"},"inLanguage":"es","potentialAction":[{"@type":"ReadAction","target":["https:\/\/www.univa.mx\/agora\/el-dolor-sana-con-el-olvido\/"]}]},{"@type":"ImageObject","inLanguage":"es","@id":"https:\/\/www.univa.mx\/agora\/el-dolor-sana-con-el-olvido\/#primaryimage","url":"https:\/\/www.univa.mx\/agora\/wp-content\/uploads\/sites\/14\/2024\/05\/Daniela-Diaz-1.gif","contentUrl":"https:\/\/www.univa.mx\/agora\/wp-content\/uploads\/sites\/14\/2024\/05\/Daniela-Diaz-1.gif","width":1280,"height":720},{"@type":"BreadcrumbList","@id":"https:\/\/www.univa.mx\/agora\/el-dolor-sana-con-el-olvido\/#breadcrumb","itemListElement":[{"@type":"ListItem","position":1,"name":"Portada","item":"https:\/\/www.univa.mx\/agora\/"},{"@type":"ListItem","position":2,"name":"\u00bfEl dolor sana con el olvido?"}]},{"@type":"WebSite","@id":"https:\/\/www.univa.mx\/agora\/#website","url":"https:\/\/www.univa.mx\/agora\/","name":"\u00c1gora","description":"","potentialAction":[{"@type":"SearchAction","target":{"@type":"EntryPoint","urlTemplate":"https:\/\/www.univa.mx\/agora\/?s={search_term_string}"},"query-input":{"@type":"PropertyValueSpecification","valueRequired":true,"valueName":"search_term_string"}}],"inLanguage":"es"},{"@type":"Person","@id":"https:\/\/www.univa.mx\/agora\/#\/schema\/person\/698af210c9a2ad5b61255af506d223e3","name":"Comunicaci\u00f3n Sistema UNIVA","image":{"@type":"ImageObject","inLanguage":"es","@id":"https:\/\/secure.gravatar.com\/avatar\/6aa0bbdc2764d6dabb18e0075a849c5887b5f3f2c39e3b19384bfd22e55dba7c?s=96&d=mm&r=g","url":"https:\/\/secure.gravatar.com\/avatar\/6aa0bbdc2764d6dabb18e0075a849c5887b5f3f2c39e3b19384bfd22e55dba7c?s=96&d=mm&r=g","contentUrl":"https:\/\/secure.gravatar.com\/avatar\/6aa0bbdc2764d6dabb18e0075a849c5887b5f3f2c39e3b19384bfd22e55dba7c?s=96&d=mm&r=g","caption":"Comunicaci\u00f3n Sistema UNIVA"},"url":"https:\/\/www.univa.mx\/agora\/author\/gustavo\/"}]}},"_links":{"self":[{"href":"https:\/\/www.univa.mx\/agora\/wp-json\/wp\/v2\/posts\/3629","targetHints":{"allow":["GET"]}}],"collection":[{"href":"https:\/\/www.univa.mx\/agora\/wp-json\/wp\/v2\/posts"}],"about":[{"href":"https:\/\/www.univa.mx\/agora\/wp-json\/wp\/v2\/types\/post"}],"author":[{"embeddable":true,"href":"https:\/\/www.univa.mx\/agora\/wp-json\/wp\/v2\/users\/40"}],"replies":[{"embeddable":true,"href":"https:\/\/www.univa.mx\/agora\/wp-json\/wp\/v2\/comments?post=3629"}],"version-history":[{"count":1,"href":"https:\/\/www.univa.mx\/agora\/wp-json\/wp\/v2\/posts\/3629\/revisions"}],"predecessor-version":[{"id":3630,"href":"https:\/\/www.univa.mx\/agora\/wp-json\/wp\/v2\/posts\/3629\/revisions\/3630"}],"wp:featuredmedia":[{"embeddable":true,"href":"https:\/\/www.univa.mx\/agora\/wp-json\/wp\/v2\/media\/3602"}],"wp:attachment":[{"href":"https:\/\/www.univa.mx\/agora\/wp-json\/wp\/v2\/media?parent=3629"}],"wp:term":[{"taxonomy":"category","embeddable":true,"href":"https:\/\/www.univa.mx\/agora\/wp-json\/wp\/v2\/categories?post=3629"},{"taxonomy":"post_tag","embeddable":true,"href":"https:\/\/www.univa.mx\/agora\/wp-json\/wp\/v2\/tags?post=3629"}],"curies":[{"name":"wp","href":"https:\/\/api.w.org\/{rel}","templated":true}]}}