{"id":3626,"date":"2024-05-14T10:01:01","date_gmt":"2024-05-14T16:01:01","guid":{"rendered":"https:\/\/www.univa.mx\/agora\/?p=3626"},"modified":"2024-05-16T10:24:25","modified_gmt":"2024-05-16T16:24:25","slug":"temporales-indeterminados","status":"publish","type":"post","link":"https:\/\/www.univa.mx\/agora\/temporales-indeterminados\/","title":{"rendered":"Temporales indeterminados"},"content":{"rendered":"<p><em><strong>Dra. Jazm\u00edn Velasco \u00b7 Docente UNIVA Online<\/strong><\/em><\/p>\n<p>Acostumbrados a las paradojas, los temporales indeterminados son personas que asumen con total normalidad el \u201cs\u00ed, pero no\u201d en sus argumentaciones cotidianas. Trabajan en un esquema de contratos de duraci\u00f3n concreta, pero consecutiva ad infinitum. Establecen noviazgos prolongados, m\u00e1s comprometidos que matrimonios, y viven en casas arrendadas que cuidan como propias, porque convertirse en propietarios ya no es la meta.<\/p>\n<p>Un temporal indeterminado inicia su camino con sentencias como: la \u00fanica certeza es que vamos a morir, abraza la incertidumbre y fluye con ella, el apego es el meollo del sufrimiento, y toda verdad absoluta puede cuestionarse y dejar de serlo. Es en ese cruce entre vitalismo, budismo y relatividad donde estas ideas se vuelven creencias y \u00e9stas, actitudes de tiempo completo.<\/p>\n<p>Podemos identificar a un temporal indeterminado en conversaciones por su escucha activa ante los dilemas de los colegas, su descreimiento ante los que defienden que tiempos pasados fueron mejores, o su apertura indecisa frente al arte conceptual. Entre sus obras favoritas destacan las siguientes: Cronos devorando a sus hijos, Hechizo de tiempo o El d\u00eda de la marmota y La invenci\u00f3n de Morel.<\/p>\n<p>Debe decirse que conviven muy bien con la gente de tiempo fijo, h\u00e1bitos tradicionales e incluso con so\u00f1adores y optimistas; sin embargo, es m\u00e1s com\u00fan verlos en estado meditabundo y c\u00f3modos con su soledad. Si los observamos con detenimiento, uno se percata de su risa discreta, sus vestimentas de color sobrio, o sus comentarios agudos a manera de pregunta. No suelen estar en los reflectores, se mueven mejor con pasos \u00e1tonos, tras lentes y sombreros, silencios y miradas.<\/p>\n<p>Si uno llega a ser su amigo no puede afirmarse con claridad que se reconocen del todo sus fines, pues la sensaci\u00f3n con ellos es de reserva, como si guardasen algo para s\u00ed que siguen pensando. Y en caso de comunicar el motivo en alg\u00fan momento de intimidad, podr\u00edan decir: no s\u00e9 de d\u00f3nde viene, pero est\u00e1 ah\u00ed, en el fuero interno, la inquietud.<\/p>\n<p>Los temporales indeterminados, encantadores en su misterio y en su constante paradoja, viven en una lucha interior. En malos d\u00edas afirman: no pertenezco ni aqu\u00ed ni all\u00e1; en d\u00edas buenos: disfruto mi autonom\u00eda. De ah\u00ed que est\u00e9n lejos de ser personas sencillas. Lo cierto es que en ellos encontramos el l\u00edmite de las teor\u00edas filos\u00f3ficas que bien pueden ser la representaci\u00f3n de por d\u00f3nde van las l\u00f3gicas laborales, relacionales y art\u00edsticas del siglo XXI o, tal vez, su resistencia. Es dif\u00edcil saberlo.<\/p>\n","protected":false},"excerpt":{"rendered":"<p>Dra. Jazm\u00edn Velasco \u00b7 Docente&#8230;<\/p>\n","protected":false},"author":40,"featured_media":3627,"comment_status":"closed","ping_status":"closed","sticky":false,"template":"","format":"standard","meta":{"footnotes":""},"categories":[6,17],"tags":[],"class_list":["post-3626","post","type-post","status-publish","format-standard","has-post-thumbnail","category-lideres-de-opinion","category-voces-univa"],"yoast_head":"<!-- This site is optimized with the Yoast SEO plugin v28.0 - https:\/\/yoast.com\/product\/yoast-seo-wordpress\/ -->\n<title>Temporales indeterminados - \u00c1gora<\/title>\n<meta name=\"description\" content=\"Acostumbrados a las paradojas, los temporales indeterminados son personas que asumen con total normalidad el \u201cs\u00ed, pero no\u201d en sus argumentaciones cotidianas. Trabajan en un esquema de contratos de duraci\u00f3n concreta, pero consecutiva ad infinitum. Establecen noviazgos prolongados, m\u00e1s comprometidos que matrimonios, y viven en casas arrendadas que cuidan como propia, porque convertirse en propietarios ya no es la meta.\" \/>\n<meta name=\"robots\" content=\"index, follow, max-snippet:-1, max-image-preview:large, max-video-preview:-1\" \/>\n<link rel=\"canonical\" href=\"https:\/\/www.univa.mx\/agora\/temporales-indeterminados\/\" \/>\n<meta property=\"og:locale\" content=\"es_ES\" \/>\n<meta property=\"og:type\" content=\"article\" \/>\n<meta property=\"og:title\" content=\"Temporales indeterminados - \u00c1gora\" \/>\n<meta property=\"og:description\" content=\"Acostumbrados a las paradojas, los temporales indeterminados son personas que asumen con total normalidad el \u201cs\u00ed, pero no\u201d en sus argumentaciones cotidianas. Trabajan en un esquema de contratos de duraci\u00f3n concreta, pero consecutiva ad infinitum. Establecen noviazgos prolongados, m\u00e1s comprometidos que matrimonios, y viven en casas arrendadas que cuidan como propia, porque convertirse en propietarios ya no es la meta.\" \/>\n<meta property=\"og:url\" content=\"https:\/\/www.univa.mx\/agora\/temporales-indeterminados\/\" \/>\n<meta property=\"og:site_name\" content=\"\u00c1gora\" \/>\n<meta property=\"article:published_time\" content=\"2024-05-14T16:01:01+00:00\" \/>\n<meta property=\"article:modified_time\" content=\"2024-05-16T16:24:25+00:00\" \/>\n<meta property=\"og:image\" content=\"https:\/\/www.univa.mx\/agora\/wp-content\/uploads\/sites\/14\/2024\/05\/Jazmi-Velasco.jpg\" \/>\n\t<meta property=\"og:image:width\" content=\"1280\" \/>\n\t<meta property=\"og:image:height\" content=\"720\" \/>\n\t<meta property=\"og:image:type\" content=\"image\/jpeg\" \/>\n<meta name=\"author\" content=\"Comunicaci\u00f3n Sistema UNIVA\" \/>\n<meta name=\"twitter:card\" content=\"summary_large_image\" \/>\n<meta name=\"twitter:label1\" content=\"Escrito por\" \/>\n\t<meta name=\"twitter:data1\" content=\"Comunicaci\u00f3n Sistema UNIVA\" \/>\n\t<meta name=\"twitter:label2\" content=\"Tiempo de lectura\" \/>\n\t<meta name=\"twitter:data2\" content=\"3 minutos\" \/>\n<script type=\"application\/ld+json\" class=\"yoast-schema-graph\">{\"@context\":\"https:\\\/\\\/schema.org\",\"@graph\":[{\"@type\":\"Article\",\"@id\":\"https:\\\/\\\/www.univa.mx\\\/agora\\\/temporales-indeterminados\\\/#article\",\"isPartOf\":{\"@id\":\"https:\\\/\\\/www.univa.mx\\\/agora\\\/temporales-indeterminados\\\/\"},\"author\":{\"name\":\"Comunicaci\u00f3n Sistema UNIVA\",\"@id\":\"https:\\\/\\\/www.univa.mx\\\/agora\\\/#\\\/schema\\\/person\\\/698af210c9a2ad5b61255af506d223e3\"},\"headline\":\"Temporales indeterminados\",\"datePublished\":\"2024-05-14T16:01:01+00:00\",\"dateModified\":\"2024-05-16T16:24:25+00:00\",\"mainEntityOfPage\":{\"@id\":\"https:\\\/\\\/www.univa.mx\\\/agora\\\/temporales-indeterminados\\\/\"},\"wordCount\":443,\"image\":{\"@id\":\"https:\\\/\\\/www.univa.mx\\\/agora\\\/temporales-indeterminados\\\/#primaryimage\"},\"thumbnailUrl\":\"https:\\\/\\\/www.univa.mx\\\/agora\\\/wp-content\\\/uploads\\\/sites\\\/14\\\/2024\\\/05\\\/Jazmi-Velasco.jpg\",\"articleSection\":[\"L\u00edderes de Opini\u00f3n\",\"Voces UNIVA\"],\"inLanguage\":\"es\"},{\"@type\":\"WebPage\",\"@id\":\"https:\\\/\\\/www.univa.mx\\\/agora\\\/temporales-indeterminados\\\/\",\"url\":\"https:\\\/\\\/www.univa.mx\\\/agora\\\/temporales-indeterminados\\\/\",\"name\":\"Temporales indeterminados - \u00c1gora\",\"isPartOf\":{\"@id\":\"https:\\\/\\\/www.univa.mx\\\/agora\\\/#website\"},\"primaryImageOfPage\":{\"@id\":\"https:\\\/\\\/www.univa.mx\\\/agora\\\/temporales-indeterminados\\\/#primaryimage\"},\"image\":{\"@id\":\"https:\\\/\\\/www.univa.mx\\\/agora\\\/temporales-indeterminados\\\/#primaryimage\"},\"thumbnailUrl\":\"https:\\\/\\\/www.univa.mx\\\/agora\\\/wp-content\\\/uploads\\\/sites\\\/14\\\/2024\\\/05\\\/Jazmi-Velasco.jpg\",\"datePublished\":\"2024-05-14T16:01:01+00:00\",\"dateModified\":\"2024-05-16T16:24:25+00:00\",\"author\":{\"@id\":\"https:\\\/\\\/www.univa.mx\\\/agora\\\/#\\\/schema\\\/person\\\/698af210c9a2ad5b61255af506d223e3\"},\"description\":\"Acostumbrados a las paradojas, los temporales indeterminados son personas que asumen con total normalidad el \u201cs\u00ed, pero no\u201d en sus argumentaciones cotidianas. Trabajan en un esquema de contratos de duraci\u00f3n concreta, pero consecutiva ad infinitum. Establecen noviazgos prolongados, m\u00e1s comprometidos que matrimonios, y viven en casas arrendadas que cuidan como propia, porque convertirse en propietarios ya no es la meta.\",\"breadcrumb\":{\"@id\":\"https:\\\/\\\/www.univa.mx\\\/agora\\\/temporales-indeterminados\\\/#breadcrumb\"},\"inLanguage\":\"es\",\"potentialAction\":[{\"@type\":\"ReadAction\",\"target\":[\"https:\\\/\\\/www.univa.mx\\\/agora\\\/temporales-indeterminados\\\/\"]}]},{\"@type\":\"ImageObject\",\"inLanguage\":\"es\",\"@id\":\"https:\\\/\\\/www.univa.mx\\\/agora\\\/temporales-indeterminados\\\/#primaryimage\",\"url\":\"https:\\\/\\\/www.univa.mx\\\/agora\\\/wp-content\\\/uploads\\\/sites\\\/14\\\/2024\\\/05\\\/Jazmi-Velasco.jpg\",\"contentUrl\":\"https:\\\/\\\/www.univa.mx\\\/agora\\\/wp-content\\\/uploads\\\/sites\\\/14\\\/2024\\\/05\\\/Jazmi-Velasco.jpg\",\"width\":1280,\"height\":720},{\"@type\":\"BreadcrumbList\",\"@id\":\"https:\\\/\\\/www.univa.mx\\\/agora\\\/temporales-indeterminados\\\/#breadcrumb\",\"itemListElement\":[{\"@type\":\"ListItem\",\"position\":1,\"name\":\"Portada\",\"item\":\"https:\\\/\\\/www.univa.mx\\\/agora\\\/\"},{\"@type\":\"ListItem\",\"position\":2,\"name\":\"Temporales indeterminados\"}]},{\"@type\":\"WebSite\",\"@id\":\"https:\\\/\\\/www.univa.mx\\\/agora\\\/#website\",\"url\":\"https:\\\/\\\/www.univa.mx\\\/agora\\\/\",\"name\":\"\u00c1gora\",\"description\":\"\",\"potentialAction\":[{\"@type\":\"SearchAction\",\"target\":{\"@type\":\"EntryPoint\",\"urlTemplate\":\"https:\\\/\\\/www.univa.mx\\\/agora\\\/?s={search_term_string}\"},\"query-input\":{\"@type\":\"PropertyValueSpecification\",\"valueRequired\":true,\"valueName\":\"search_term_string\"}}],\"inLanguage\":\"es\"},{\"@type\":\"Person\",\"@id\":\"https:\\\/\\\/www.univa.mx\\\/agora\\\/#\\\/schema\\\/person\\\/698af210c9a2ad5b61255af506d223e3\",\"name\":\"Comunicaci\u00f3n Sistema UNIVA\",\"image\":{\"@type\":\"ImageObject\",\"inLanguage\":\"es\",\"@id\":\"https:\\\/\\\/secure.gravatar.com\\\/avatar\\\/6aa0bbdc2764d6dabb18e0075a849c5887b5f3f2c39e3b19384bfd22e55dba7c?s=96&d=mm&r=g\",\"url\":\"https:\\\/\\\/secure.gravatar.com\\\/avatar\\\/6aa0bbdc2764d6dabb18e0075a849c5887b5f3f2c39e3b19384bfd22e55dba7c?s=96&d=mm&r=g\",\"contentUrl\":\"https:\\\/\\\/secure.gravatar.com\\\/avatar\\\/6aa0bbdc2764d6dabb18e0075a849c5887b5f3f2c39e3b19384bfd22e55dba7c?s=96&d=mm&r=g\",\"caption\":\"Comunicaci\u00f3n Sistema UNIVA\"},\"url\":\"https:\\\/\\\/www.univa.mx\\\/agora\\\/author\\\/gustavo\\\/\"}]}<\/script>\n<!-- \/ Yoast SEO plugin. -->","yoast_head_json":{"title":"Temporales indeterminados - \u00c1gora","description":"Acostumbrados a las paradojas, los temporales indeterminados son personas que asumen con total normalidad el \u201cs\u00ed, pero no\u201d en sus argumentaciones cotidianas. Trabajan en un esquema de contratos de duraci\u00f3n concreta, pero consecutiva ad infinitum. Establecen noviazgos prolongados, m\u00e1s comprometidos que matrimonios, y viven en casas arrendadas que cuidan como propia, porque convertirse en propietarios ya no es la meta.","robots":{"index":"index","follow":"follow","max-snippet":"max-snippet:-1","max-image-preview":"max-image-preview:large","max-video-preview":"max-video-preview:-1"},"canonical":"https:\/\/www.univa.mx\/agora\/temporales-indeterminados\/","og_locale":"es_ES","og_type":"article","og_title":"Temporales indeterminados - \u00c1gora","og_description":"Acostumbrados a las paradojas, los temporales indeterminados son personas que asumen con total normalidad el \u201cs\u00ed, pero no\u201d en sus argumentaciones cotidianas. Trabajan en un esquema de contratos de duraci\u00f3n concreta, pero consecutiva ad infinitum. Establecen noviazgos prolongados, m\u00e1s comprometidos que matrimonios, y viven en casas arrendadas que cuidan como propia, porque convertirse en propietarios ya no es la meta.","og_url":"https:\/\/www.univa.mx\/agora\/temporales-indeterminados\/","og_site_name":"\u00c1gora","article_published_time":"2024-05-14T16:01:01+00:00","article_modified_time":"2024-05-16T16:24:25+00:00","og_image":[{"width":1280,"height":720,"url":"https:\/\/www.univa.mx\/agora\/wp-content\/uploads\/sites\/14\/2024\/05\/Jazmi-Velasco.jpg","type":"image\/jpeg"}],"author":"Comunicaci\u00f3n Sistema UNIVA","twitter_card":"summary_large_image","twitter_misc":{"Escrito por":"Comunicaci\u00f3n Sistema UNIVA","Tiempo de lectura":"3 minutos"},"schema":{"@context":"https:\/\/schema.org","@graph":[{"@type":"Article","@id":"https:\/\/www.univa.mx\/agora\/temporales-indeterminados\/#article","isPartOf":{"@id":"https:\/\/www.univa.mx\/agora\/temporales-indeterminados\/"},"author":{"name":"Comunicaci\u00f3n Sistema UNIVA","@id":"https:\/\/www.univa.mx\/agora\/#\/schema\/person\/698af210c9a2ad5b61255af506d223e3"},"headline":"Temporales indeterminados","datePublished":"2024-05-14T16:01:01+00:00","dateModified":"2024-05-16T16:24:25+00:00","mainEntityOfPage":{"@id":"https:\/\/www.univa.mx\/agora\/temporales-indeterminados\/"},"wordCount":443,"image":{"@id":"https:\/\/www.univa.mx\/agora\/temporales-indeterminados\/#primaryimage"},"thumbnailUrl":"https:\/\/www.univa.mx\/agora\/wp-content\/uploads\/sites\/14\/2024\/05\/Jazmi-Velasco.jpg","articleSection":["L\u00edderes de Opini\u00f3n","Voces UNIVA"],"inLanguage":"es"},{"@type":"WebPage","@id":"https:\/\/www.univa.mx\/agora\/temporales-indeterminados\/","url":"https:\/\/www.univa.mx\/agora\/temporales-indeterminados\/","name":"Temporales indeterminados - \u00c1gora","isPartOf":{"@id":"https:\/\/www.univa.mx\/agora\/#website"},"primaryImageOfPage":{"@id":"https:\/\/www.univa.mx\/agora\/temporales-indeterminados\/#primaryimage"},"image":{"@id":"https:\/\/www.univa.mx\/agora\/temporales-indeterminados\/#primaryimage"},"thumbnailUrl":"https:\/\/www.univa.mx\/agora\/wp-content\/uploads\/sites\/14\/2024\/05\/Jazmi-Velasco.jpg","datePublished":"2024-05-14T16:01:01+00:00","dateModified":"2024-05-16T16:24:25+00:00","author":{"@id":"https:\/\/www.univa.mx\/agora\/#\/schema\/person\/698af210c9a2ad5b61255af506d223e3"},"description":"Acostumbrados a las paradojas, los temporales indeterminados son personas que asumen con total normalidad el \u201cs\u00ed, pero no\u201d en sus argumentaciones cotidianas. Trabajan en un esquema de contratos de duraci\u00f3n concreta, pero consecutiva ad infinitum. Establecen noviazgos prolongados, m\u00e1s comprometidos que matrimonios, y viven en casas arrendadas que cuidan como propia, porque convertirse en propietarios ya no es la meta.","breadcrumb":{"@id":"https:\/\/www.univa.mx\/agora\/temporales-indeterminados\/#breadcrumb"},"inLanguage":"es","potentialAction":[{"@type":"ReadAction","target":["https:\/\/www.univa.mx\/agora\/temporales-indeterminados\/"]}]},{"@type":"ImageObject","inLanguage":"es","@id":"https:\/\/www.univa.mx\/agora\/temporales-indeterminados\/#primaryimage","url":"https:\/\/www.univa.mx\/agora\/wp-content\/uploads\/sites\/14\/2024\/05\/Jazmi-Velasco.jpg","contentUrl":"https:\/\/www.univa.mx\/agora\/wp-content\/uploads\/sites\/14\/2024\/05\/Jazmi-Velasco.jpg","width":1280,"height":720},{"@type":"BreadcrumbList","@id":"https:\/\/www.univa.mx\/agora\/temporales-indeterminados\/#breadcrumb","itemListElement":[{"@type":"ListItem","position":1,"name":"Portada","item":"https:\/\/www.univa.mx\/agora\/"},{"@type":"ListItem","position":2,"name":"Temporales indeterminados"}]},{"@type":"WebSite","@id":"https:\/\/www.univa.mx\/agora\/#website","url":"https:\/\/www.univa.mx\/agora\/","name":"\u00c1gora","description":"","potentialAction":[{"@type":"SearchAction","target":{"@type":"EntryPoint","urlTemplate":"https:\/\/www.univa.mx\/agora\/?s={search_term_string}"},"query-input":{"@type":"PropertyValueSpecification","valueRequired":true,"valueName":"search_term_string"}}],"inLanguage":"es"},{"@type":"Person","@id":"https:\/\/www.univa.mx\/agora\/#\/schema\/person\/698af210c9a2ad5b61255af506d223e3","name":"Comunicaci\u00f3n Sistema UNIVA","image":{"@type":"ImageObject","inLanguage":"es","@id":"https:\/\/secure.gravatar.com\/avatar\/6aa0bbdc2764d6dabb18e0075a849c5887b5f3f2c39e3b19384bfd22e55dba7c?s=96&d=mm&r=g","url":"https:\/\/secure.gravatar.com\/avatar\/6aa0bbdc2764d6dabb18e0075a849c5887b5f3f2c39e3b19384bfd22e55dba7c?s=96&d=mm&r=g","contentUrl":"https:\/\/secure.gravatar.com\/avatar\/6aa0bbdc2764d6dabb18e0075a849c5887b5f3f2c39e3b19384bfd22e55dba7c?s=96&d=mm&r=g","caption":"Comunicaci\u00f3n Sistema UNIVA"},"url":"https:\/\/www.univa.mx\/agora\/author\/gustavo\/"}]}},"_links":{"self":[{"href":"https:\/\/www.univa.mx\/agora\/wp-json\/wp\/v2\/posts\/3626","targetHints":{"allow":["GET"]}}],"collection":[{"href":"https:\/\/www.univa.mx\/agora\/wp-json\/wp\/v2\/posts"}],"about":[{"href":"https:\/\/www.univa.mx\/agora\/wp-json\/wp\/v2\/types\/post"}],"author":[{"embeddable":true,"href":"https:\/\/www.univa.mx\/agora\/wp-json\/wp\/v2\/users\/40"}],"replies":[{"embeddable":true,"href":"https:\/\/www.univa.mx\/agora\/wp-json\/wp\/v2\/comments?post=3626"}],"version-history":[{"count":4,"href":"https:\/\/www.univa.mx\/agora\/wp-json\/wp\/v2\/posts\/3626\/revisions"}],"predecessor-version":[{"id":3637,"href":"https:\/\/www.univa.mx\/agora\/wp-json\/wp\/v2\/posts\/3626\/revisions\/3637"}],"wp:featuredmedia":[{"embeddable":true,"href":"https:\/\/www.univa.mx\/agora\/wp-json\/wp\/v2\/media\/3627"}],"wp:attachment":[{"href":"https:\/\/www.univa.mx\/agora\/wp-json\/wp\/v2\/media?parent=3626"}],"wp:term":[{"taxonomy":"category","embeddable":true,"href":"https:\/\/www.univa.mx\/agora\/wp-json\/wp\/v2\/categories?post=3626"},{"taxonomy":"post_tag","embeddable":true,"href":"https:\/\/www.univa.mx\/agora\/wp-json\/wp\/v2\/tags?post=3626"}],"curies":[{"name":"wp","href":"https:\/\/api.w.org\/{rel}","templated":true}]}}