{"id":3615,"date":"2024-05-13T09:00:28","date_gmt":"2024-05-13T15:00:28","guid":{"rendered":"https:\/\/www.univa.mx\/agora\/?p=3615"},"modified":"2024-05-09T17:03:08","modified_gmt":"2024-05-09T23:03:08","slug":"populum-bellum-puntos-de-partida-para-repensar-el-contrato-social-en-mexico","status":"publish","type":"post","link":"https:\/\/www.univa.mx\/agora\/populum-bellum-puntos-de-partida-para-repensar-el-contrato-social-en-mexico\/","title":{"rendered":"Populum Bellum: Puntos de partida para repensar el contrato social en M\u00e9xico"},"content":{"rendered":"<p><em><strong>Mtro. Luis Eduardo Ayala Salazar \u00b7 Egresado de la Maestr\u00eda en Educaci\u00f3n, UNIVA La Piedad<\/strong><\/em><\/p>\n<p>Eran las v\u00edsperas de los d\u00edas santos, en unas cuantas horas millones de mexicanos aglomerados en distintas, parroquias, rector\u00edas, bas\u00edlicas y catedrales escuchar\u00edan: \u201cLes doy un mandamiento nuevo, que se amen los unos a los otros. Ustedes deben amarse unos a otros como yo los he amado\u201d (Jn. 13:34). Faltaba nada para ese sagrado momento cuando en Taxco, Guerrero; Camila de 10 a\u00f1os, ser\u00eda privada de la vida, al mandamiento nuevo lo ahogo la rabia y una turba enardecida linch\u00f3 a la feminicida de Camila, conden\u00e1ndola al mismo destino.<\/p>\n<p>Las cr\u00f3nicas del linchamiento en Taxco mencionan que pronto se supo de los responsables, sin embargo, la fiscal\u00eda no mand\u00f3 a tiempo las \u00f3rdenes de aprensi\u00f3n y el pueblo cansado de la inactividad de la instituci\u00f3n decidi\u00f3 actuar, castigando a los culpables con una furia brutal producto de frustraciones, irritaciones e indignaciones acumuladas por a\u00f1os.<\/p>\n<p>Este linchamiento es el m\u00e1s fresco en la memoria mexicana, sin embargo, no es el \u00fanico. De acuerdo a Guill\u00e9n y \u00c1vila (2023) en el per\u00edodo 2016 a 2022 se han registrado 1 619 linchamientos o intentos de linchamientos en nuestro pa\u00eds, esto es, la colectividad en una irritaci\u00f3n compartida juzga violentamente a los individuos que la lastiman, salt\u00e1ndose los procesos institucionales de justicia por considerarlos ineficientes o desconfiables. (Guill\u00e9n &amp; \u00c1vila, 2023 a.).<\/p>\n<p>A los linchamientos se les debe sumar que la ciudadan\u00eda cada vez recurre menos a las instituciones de procuraci\u00f3n e impartici\u00f3n de justicia por la incapacidad de respuesta que tiene, los engorrosos tr\u00e1mites burocr\u00e1ticos, las revictimizaciones y criminalizaciones constantes a las v\u00edctimas y los nulos resultados en la investigaci\u00f3n de los delitos. Lo anterior se puede observar en las vertientes cualitativa y cuantitativa. En cuanto refiere a la primera, el v\u00eddeo que circul\u00f3 en redes sociales en enero de este a\u00f1o donde mujeres wix\u00e1rikas de la zona norte de Jalisco, solicitaban al cabecilla del CJNG frenara la violencia de uno de sus sicarios en su comunidad (Mileno, 2024). Esta pr\u00e1ctica donde se solicita la intervenci\u00f3n al crimen organizado para llevar a cabo acciones de castigo a delincuentes es muy com\u00fan en zonas vulneradas y vulnerables, aunque es poco visible por su poca documentaci\u00f3n.<\/p>\n<p>Por otra parte, la cuesti\u00f3n estad\u00edstica presenta que en 2023 seg\u00fan la Encuesta Nacional de Victimizaci\u00f3n y Percepci\u00f3n de Seguridad (ENVIPE) del INEGI, el 45 % de la poblaci\u00f3n de 18 a\u00f1os o m\u00e1s consideraba poco o nada efectivo a los ministerios p\u00fablico y fiscal\u00edas generales, el 42 % a la polic\u00eda ministerial o de investigaci\u00f3n, el 41.7 % a los jueces y el 49.7 % a los polic\u00edas municipales. En cuanto a desconfianza, el 42 % de los mexicanos desconf\u00eda de los MP y las FGJ, el 41% de la polic\u00eda ministerial o de investigaci\u00f3n y de los jueces y el 44 % de los polic\u00edas municipales. A estos n\u00fameros se le agrega que el 92.4 % de los delitos no hubo denuncia o no se inici\u00f3 una carpeta de investigaci\u00f3n, lo que se conoce como cifra negra, y seg\u00fan el reporte Hallazgos 2023 de M\u00e9xico Eval\u00faa en 2022 el \u00edndice de Impunidad fue del 96.3 %, es decir, en M\u00e9xico solamente 4 de cada 100 delitos que son investigados culminan en una sentencia o acuerdo reparatorio. (M\u00e9xico Eval\u00faa, 2023).<\/p>\n<p>Ante este panorama surge la pregunta, aunque suene a perogrullada, \u00bfc\u00f3mo afecta la crisis de autoridad y la desconfianza en las instituciones de impartici\u00f3n y procuraci\u00f3n de justicia a la sociedad mexicana?, \u00bfestamos aprendiendo a cohabitar con el crimen organizado y asimilando pr\u00e1cticas ilegales a nuestra normalidad?, \u00bfqu\u00e9 sucede con el famoso contrato social en M\u00e9xico?, \u00bfhabr\u00e1 que repensarlo, deconstruirlo o destruirlo?, se tratar\u00e1 de centrarse en esta \u00faltima pregunta, \u201cquibole con nuestro contrato social\u201d.<\/p>\n<p>El contractualismo es esta teor\u00eda de la filosof\u00eda pol\u00edtica moderna que a grandes rasgos explica que la g\u00e9nesis de la sociedad y el Estado se da como una especie de contrato com\u00fan donde se sublimen los intereses individuales en un solo inter\u00e9s general, sin que la consolidaci\u00f3n de \u00e9ste desatienda las demandas de los individuos. (M\u00e9ndez &amp; B\u00e1rcenas, 2021).<\/p>\n<p>El objeto de dicho contrato puede variar dependiendo del autor en cuesti\u00f3n, sin embargo, hay tres que son fundamentales para entender este tema: Hobbes, Rousseau y Kant. Para Hobbes y para Kant el fundamento de dicho contrato debe ser absoluto porque al mismo tiempo que cede derechos, tambi\u00e9n asigna obligaciones, por otro lado, para el franc\u00e9s el contrato debe reemplazar un orden civil injusto con leyes imparciales donde todos a trav\u00e9s de acuerdos puedan ser beneficiados. (M\u00e9ndez &amp; B\u00e1rcenas, 2021 a). Estos tres fil\u00f3sofos, aunque sustancialmente tienen posturas diferentes, comparten que el contrato social establecer\u00e1 un orden social, donde los individuos logren desarrollarse, es aqu\u00ed donde entra el Estado.<\/p>\n<p>El Estado es esa instituci\u00f3n que se encarga de garantizar el correcto funcionamiento del contrato social, de reconocer los derechos de las personas y asignar las obligaciones correspondientes, adem\u00e1s de procurar el orden, la paz, la seguridad y la libertad positiva. El Estado moderno, contratado para poder garantizar esto, monopoliza el uso de la fuerza y a trav\u00e9s de procesos de legitimaci\u00f3n convierte un estado de conflicto, en un Estado de derecho o lo que se conoce como \u201cgobierno\/gobernar\u201d (Bobbio, 1985). Es en este desarrollo donde la ciudadan\u00eda le otorga al gobierno el uso leg\u00edtimo de la fuerza, siempre y cuando este \u00faltimo garantice el orden y la seguridad de la primera, nadie fuera de \u00e9ste est\u00e1 facultado para usar la fuerza y a qui\u00e9n lo haga no se le reconocer\u00e1, pero de lo que se habla, es en un espacio hipot\u00e9tico donde todo funciona correctamente, sin embargo, la realidad mexicana es muy diferente.<\/p>\n<p>El M\u00e9xico contempor\u00e1neo se ha visto atravesado por m\u00faltiples violencias que erosionan a su sociedad, pero las producidas por el crimen organizado ser\u00e1n el centro de este bloque, pues, sus alcances han crecido exponencialmente, llegando a infiltrarse hasta los aparatos del Estado cuyo objetivo es procurar la seguridad y la justicia. Las instituciones policiacas, ministeriales, de investigaci\u00f3n e incluso hasta ciertos jueces aparte de ser poco eficientes se han involucrado con el crimen organizado cuidando m\u00e1s los intereses de estos \u00faltimos que de la ciudadan\u00eda, esto ha tra\u00eddo consecuencias no solo en el tejido social mexicano, sino tambi\u00e9n, en el famoso contrato repasado l\u00edneas anteriores, pues el Estado ya no garantiza el orden para la ciudadan\u00eda, es m\u00e1s bien generador de conflicto, por lo que el monopolio de la fuerza se difumina, pues, \u00bfqu\u00e9 sentido tiene que el Estado monopolice la fuerza si es incapaz de brindar seguridad a la poblaci\u00f3n?<\/p>\n<p>En este sentido el Estado est\u00e1 perdiendo su legitimidad, se le cuestiona constantemente su actuar y su inoperancia ocasiona que sea la propia ciudadan\u00eda la que cuide de s\u00ed misma, su integridad, su seguridad, su orden, aunque tenga que utilizar la fuerza y la violencia, propia de la indignaci\u00f3n de saberse indefensa.<\/p>\n<p>El contrato social en M\u00e9xico se debilita en cuanto el Estado de derecho no es vigilado por el propio aparato de gobierno, en cuanto la sociedad cada vez se ve m\u00e1s vulnerada ante el crimen organizado y la criminalidad en general, en cuanto la justicia es selectiva y clasista, en cuanto la investigaci\u00f3n de los delitos es poco cient\u00edfica, mal llevada procesalmente y llena de corrupci\u00f3n, en tanto los \u00edndices de impunidad sean de m\u00e1s del 90%, en tanto la seguridad sea solo una narrativa.<\/p>\n<p>\u00bfQu\u00e9 sucede actualmente entre Estado y sociedad mexicana? Porque no es normal que se levanten autodefensas, que se linche hasta la muerte a los culpables o presuntos culpables, que se le solicite al crimen organizado protecci\u00f3n, orden, seguridad y paz, que se aprenda a cohabitar con el crimen organizado y normalicemos su presencia, legitimemos su actuar, sus violencias, su inmersi\u00f3n en las instituciones de seguridad y procuraci\u00f3n de justicia, la capitalizaci\u00f3n de sus mensajes y la vida con resignaci\u00f3n.<\/p>\n<p>\u00bfC\u00f3mo repensar el contrato social mexicano?, \u00bfc\u00f3mo lograr un orden social si el encargado de mantenerlo, es el mismo que lo violenta?<\/p>\n<p><strong>Fuentes y referencias<\/strong><\/p>\n<ul>\n<li>Bobbio, N. &amp; Bovero, M. (1985). Fundamentos del Poder Pol\u00edtico. (J.F. Santill\u00e1n, Trad.) Grijalbo. M\u00e9xico (Trabajo original publicado en 1984)<\/li>\n<li>Guill\u00e9n, R. R., &amp; \u00c1vila, N. I. V. (2023). Acerca de los linchamientos (y el vigilantismo): reflexiones sobre la violencia en M\u00e9xico. <em>El Cotidiano<\/em>,\u00a0<em>38<\/em>(237), 7-15.<\/li>\n<li>INEGI (2023). Encuesta Nacional de Victimizaci\u00f3n y Percepci\u00f3n de la Seguridad P\u00fablica. <a href=\"https:\/\/www.inegi.org.mx\/programas\/envipe\/2023\/#documentacion\">https:\/\/www.inegi.org.mx\/programas\/envipe\/2023\/#documentacion<\/a><\/li>\n<li>M\u00e9ndez Pinto, Emilio, &amp; B\u00e1rcena Ju\u00e1rez, Sergio Arturo. (2021). Los Linderos Filos\u00f3ficos del Contractualismo Pol\u00edtico.\u00a0<em>En-claves del pensamiento<\/em>,\u00a0<em>15<\/em>(29), 52-85. Epub 24 de marzo de 2021.<a href=\"https:\/\/doi.org\/10.46530\/ecdp.v0i29.435\">https:\/\/doi.org\/10.46530\/ecdp.v0i29.435<\/a><\/li>\n<li>M\u00e9xico Eval\u00faa (2022). Hallazgos, Frederich Human Fundatio. <a href=\"https:\/\/www.mexicoevalua.org\/wp-content\/uploads\/2023\/10\/HALLAZGOS2022.pdf\">https:\/\/www.mexicoevalua.org\/wp-content\/uploads\/2023\/10\/HALLAZGOS2022.pdf<\/a><\/li>\n<li>Milenio (2024). Mujeres ind\u00edgenas piden a \u00abEl Mencho\u00bb frenar la violencia que se est\u00e1 generando en Jalisco. YouTube: <a href=\"https:\/\/www.youtube.com\/watch?v=gFtch0aRyx4\">https:\/\/www.youtube.com\/watch?v=gFtch0aRyx4<\/a><\/li>\n<\/ul>\n","protected":false},"excerpt":{"rendered":"<p>Mtro. Luis Eduardo Ayala Salazar&#8230;<\/p>\n","protected":false},"author":40,"featured_media":3616,"comment_status":"closed","ping_status":"closed","sticky":false,"template":"","format":"standard","meta":{"footnotes":""},"categories":[8,17],"tags":[],"class_list":["post-3615","post","type-post","status-publish","format-standard","has-post-thumbnail","category-tendencias","category-voces-univa"],"yoast_head":"<!-- This site is optimized with the Yoast SEO plugin v28.0 - https:\/\/yoast.com\/product\/yoast-seo-wordpress\/ -->\n<title>Populum Bellum: Puntos de partida para repensar el contrato social en M\u00e9xico - \u00c1gora<\/title>\n<meta name=\"description\" content=\"Eran las v\u00edsperas de los d\u00edas santos, en unas cuantas horas millones de mexicanos aglomerados en distintas, parroquias, rector\u00edas, bas\u00edlicas y catedrales escuchar\u00edan: \u201cLes doy un mandamiento nuevo, que se amen los unos a los otros. Ustedes deben amarse unos a otros como yo los he amado\u201d (Jn. 13:34). Faltaba nada para ese sagrado momento cuando en Taxco, Guerrero; Camila de 10 a\u00f1os, ser\u00eda privada de la vida, al mandamiento nuevo lo ahogo la rabia y una turba enardecida linch\u00f3 a la feminicida de Camila, conden\u00e1ndola al mismo destino.\" \/>\n<meta name=\"robots\" content=\"index, follow, max-snippet:-1, max-image-preview:large, max-video-preview:-1\" \/>\n<link rel=\"canonical\" href=\"https:\/\/www.univa.mx\/agora\/populum-bellum-puntos-de-partida-para-repensar-el-contrato-social-en-mexico\/\" \/>\n<meta property=\"og:locale\" content=\"es_ES\" \/>\n<meta property=\"og:type\" content=\"article\" \/>\n<meta property=\"og:title\" content=\"Populum Bellum: Puntos de partida para repensar el contrato social en M\u00e9xico - \u00c1gora\" \/>\n<meta property=\"og:description\" content=\"Eran las v\u00edsperas de los d\u00edas santos, en unas cuantas horas millones de mexicanos aglomerados en distintas, parroquias, rector\u00edas, bas\u00edlicas y catedrales escuchar\u00edan: \u201cLes doy un mandamiento nuevo, que se amen los unos a los otros. Ustedes deben amarse unos a otros como yo los he amado\u201d (Jn. 13:34). Faltaba nada para ese sagrado momento cuando en Taxco, Guerrero; Camila de 10 a\u00f1os, ser\u00eda privada de la vida, al mandamiento nuevo lo ahogo la rabia y una turba enardecida linch\u00f3 a la feminicida de Camila, conden\u00e1ndola al mismo destino.\" \/>\n<meta property=\"og:url\" content=\"https:\/\/www.univa.mx\/agora\/populum-bellum-puntos-de-partida-para-repensar-el-contrato-social-en-mexico\/\" \/>\n<meta property=\"og:site_name\" content=\"\u00c1gora\" \/>\n<meta property=\"article:published_time\" content=\"2024-05-13T15:00:28+00:00\" \/>\n<meta property=\"og:image\" content=\"https:\/\/www.univa.mx\/agora\/wp-content\/uploads\/sites\/14\/2024\/05\/Luis-Eduardo-Ayala-Salazar-1280-x720.gif\" \/>\n\t<meta property=\"og:image:width\" content=\"1280\" \/>\n\t<meta property=\"og:image:height\" content=\"720\" \/>\n\t<meta property=\"og:image:type\" content=\"image\/gif\" \/>\n<meta name=\"author\" content=\"Comunicaci\u00f3n Sistema UNIVA\" \/>\n<meta name=\"twitter:card\" content=\"summary_large_image\" \/>\n<meta name=\"twitter:label1\" content=\"Escrito por\" \/>\n\t<meta name=\"twitter:data1\" content=\"Comunicaci\u00f3n Sistema UNIVA\" \/>\n\t<meta name=\"twitter:label2\" content=\"Tiempo de lectura\" \/>\n\t<meta name=\"twitter:data2\" content=\"7 minutos\" \/>\n<script type=\"application\/ld+json\" class=\"yoast-schema-graph\">{\"@context\":\"https:\\\/\\\/schema.org\",\"@graph\":[{\"@type\":\"Article\",\"@id\":\"https:\\\/\\\/www.univa.mx\\\/agora\\\/populum-bellum-puntos-de-partida-para-repensar-el-contrato-social-en-mexico\\\/#article\",\"isPartOf\":{\"@id\":\"https:\\\/\\\/www.univa.mx\\\/agora\\\/populum-bellum-puntos-de-partida-para-repensar-el-contrato-social-en-mexico\\\/\"},\"author\":{\"name\":\"Comunicaci\u00f3n Sistema UNIVA\",\"@id\":\"https:\\\/\\\/www.univa.mx\\\/agora\\\/#\\\/schema\\\/person\\\/698af210c9a2ad5b61255af506d223e3\"},\"headline\":\"Populum Bellum: Puntos de partida para repensar el contrato social en M\u00e9xico\",\"datePublished\":\"2024-05-13T15:00:28+00:00\",\"mainEntityOfPage\":{\"@id\":\"https:\\\/\\\/www.univa.mx\\\/agora\\\/populum-bellum-puntos-de-partida-para-repensar-el-contrato-social-en-mexico\\\/\"},\"wordCount\":1585,\"image\":{\"@id\":\"https:\\\/\\\/www.univa.mx\\\/agora\\\/populum-bellum-puntos-de-partida-para-repensar-el-contrato-social-en-mexico\\\/#primaryimage\"},\"thumbnailUrl\":\"https:\\\/\\\/www.univa.mx\\\/agora\\\/wp-content\\\/uploads\\\/sites\\\/14\\\/2024\\\/05\\\/Luis-Eduardo-Ayala-Salazar-1280-x720.gif\",\"articleSection\":[\"Tendencias\",\"Voces UNIVA\"],\"inLanguage\":\"es\"},{\"@type\":\"WebPage\",\"@id\":\"https:\\\/\\\/www.univa.mx\\\/agora\\\/populum-bellum-puntos-de-partida-para-repensar-el-contrato-social-en-mexico\\\/\",\"url\":\"https:\\\/\\\/www.univa.mx\\\/agora\\\/populum-bellum-puntos-de-partida-para-repensar-el-contrato-social-en-mexico\\\/\",\"name\":\"Populum Bellum: Puntos de partida para repensar el contrato social en M\u00e9xico - \u00c1gora\",\"isPartOf\":{\"@id\":\"https:\\\/\\\/www.univa.mx\\\/agora\\\/#website\"},\"primaryImageOfPage\":{\"@id\":\"https:\\\/\\\/www.univa.mx\\\/agora\\\/populum-bellum-puntos-de-partida-para-repensar-el-contrato-social-en-mexico\\\/#primaryimage\"},\"image\":{\"@id\":\"https:\\\/\\\/www.univa.mx\\\/agora\\\/populum-bellum-puntos-de-partida-para-repensar-el-contrato-social-en-mexico\\\/#primaryimage\"},\"thumbnailUrl\":\"https:\\\/\\\/www.univa.mx\\\/agora\\\/wp-content\\\/uploads\\\/sites\\\/14\\\/2024\\\/05\\\/Luis-Eduardo-Ayala-Salazar-1280-x720.gif\",\"datePublished\":\"2024-05-13T15:00:28+00:00\",\"author\":{\"@id\":\"https:\\\/\\\/www.univa.mx\\\/agora\\\/#\\\/schema\\\/person\\\/698af210c9a2ad5b61255af506d223e3\"},\"description\":\"Eran las v\u00edsperas de los d\u00edas santos, en unas cuantas horas millones de mexicanos aglomerados en distintas, parroquias, rector\u00edas, bas\u00edlicas y catedrales escuchar\u00edan: \u201cLes doy un mandamiento nuevo, que se amen los unos a los otros. Ustedes deben amarse unos a otros como yo los he amado\u201d (Jn. 13:34). Faltaba nada para ese sagrado momento cuando en Taxco, Guerrero; Camila de 10 a\u00f1os, ser\u00eda privada de la vida, al mandamiento nuevo lo ahogo la rabia y una turba enardecida linch\u00f3 a la feminicida de Camila, conden\u00e1ndola al mismo destino.\",\"breadcrumb\":{\"@id\":\"https:\\\/\\\/www.univa.mx\\\/agora\\\/populum-bellum-puntos-de-partida-para-repensar-el-contrato-social-en-mexico\\\/#breadcrumb\"},\"inLanguage\":\"es\",\"potentialAction\":[{\"@type\":\"ReadAction\",\"target\":[\"https:\\\/\\\/www.univa.mx\\\/agora\\\/populum-bellum-puntos-de-partida-para-repensar-el-contrato-social-en-mexico\\\/\"]}]},{\"@type\":\"ImageObject\",\"inLanguage\":\"es\",\"@id\":\"https:\\\/\\\/www.univa.mx\\\/agora\\\/populum-bellum-puntos-de-partida-para-repensar-el-contrato-social-en-mexico\\\/#primaryimage\",\"url\":\"https:\\\/\\\/www.univa.mx\\\/agora\\\/wp-content\\\/uploads\\\/sites\\\/14\\\/2024\\\/05\\\/Luis-Eduardo-Ayala-Salazar-1280-x720.gif\",\"contentUrl\":\"https:\\\/\\\/www.univa.mx\\\/agora\\\/wp-content\\\/uploads\\\/sites\\\/14\\\/2024\\\/05\\\/Luis-Eduardo-Ayala-Salazar-1280-x720.gif\",\"width\":1280,\"height\":720},{\"@type\":\"BreadcrumbList\",\"@id\":\"https:\\\/\\\/www.univa.mx\\\/agora\\\/populum-bellum-puntos-de-partida-para-repensar-el-contrato-social-en-mexico\\\/#breadcrumb\",\"itemListElement\":[{\"@type\":\"ListItem\",\"position\":1,\"name\":\"Portada\",\"item\":\"https:\\\/\\\/www.univa.mx\\\/agora\\\/\"},{\"@type\":\"ListItem\",\"position\":2,\"name\":\"Populum Bellum: Puntos de partida para repensar el contrato social en M\u00e9xico\"}]},{\"@type\":\"WebSite\",\"@id\":\"https:\\\/\\\/www.univa.mx\\\/agora\\\/#website\",\"url\":\"https:\\\/\\\/www.univa.mx\\\/agora\\\/\",\"name\":\"\u00c1gora\",\"description\":\"\",\"potentialAction\":[{\"@type\":\"SearchAction\",\"target\":{\"@type\":\"EntryPoint\",\"urlTemplate\":\"https:\\\/\\\/www.univa.mx\\\/agora\\\/?s={search_term_string}\"},\"query-input\":{\"@type\":\"PropertyValueSpecification\",\"valueRequired\":true,\"valueName\":\"search_term_string\"}}],\"inLanguage\":\"es\"},{\"@type\":\"Person\",\"@id\":\"https:\\\/\\\/www.univa.mx\\\/agora\\\/#\\\/schema\\\/person\\\/698af210c9a2ad5b61255af506d223e3\",\"name\":\"Comunicaci\u00f3n Sistema UNIVA\",\"image\":{\"@type\":\"ImageObject\",\"inLanguage\":\"es\",\"@id\":\"https:\\\/\\\/secure.gravatar.com\\\/avatar\\\/6aa0bbdc2764d6dabb18e0075a849c5887b5f3f2c39e3b19384bfd22e55dba7c?s=96&d=mm&r=g\",\"url\":\"https:\\\/\\\/secure.gravatar.com\\\/avatar\\\/6aa0bbdc2764d6dabb18e0075a849c5887b5f3f2c39e3b19384bfd22e55dba7c?s=96&d=mm&r=g\",\"contentUrl\":\"https:\\\/\\\/secure.gravatar.com\\\/avatar\\\/6aa0bbdc2764d6dabb18e0075a849c5887b5f3f2c39e3b19384bfd22e55dba7c?s=96&d=mm&r=g\",\"caption\":\"Comunicaci\u00f3n Sistema UNIVA\"},\"url\":\"https:\\\/\\\/www.univa.mx\\\/agora\\\/author\\\/gustavo\\\/\"}]}<\/script>\n<!-- \/ Yoast SEO plugin. -->","yoast_head_json":{"title":"Populum Bellum: Puntos de partida para repensar el contrato social en M\u00e9xico - \u00c1gora","description":"Eran las v\u00edsperas de los d\u00edas santos, en unas cuantas horas millones de mexicanos aglomerados en distintas, parroquias, rector\u00edas, bas\u00edlicas y catedrales escuchar\u00edan: \u201cLes doy un mandamiento nuevo, que se amen los unos a los otros. Ustedes deben amarse unos a otros como yo los he amado\u201d (Jn. 13:34). Faltaba nada para ese sagrado momento cuando en Taxco, Guerrero; Camila de 10 a\u00f1os, ser\u00eda privada de la vida, al mandamiento nuevo lo ahogo la rabia y una turba enardecida linch\u00f3 a la feminicida de Camila, conden\u00e1ndola al mismo destino.","robots":{"index":"index","follow":"follow","max-snippet":"max-snippet:-1","max-image-preview":"max-image-preview:large","max-video-preview":"max-video-preview:-1"},"canonical":"https:\/\/www.univa.mx\/agora\/populum-bellum-puntos-de-partida-para-repensar-el-contrato-social-en-mexico\/","og_locale":"es_ES","og_type":"article","og_title":"Populum Bellum: Puntos de partida para repensar el contrato social en M\u00e9xico - \u00c1gora","og_description":"Eran las v\u00edsperas de los d\u00edas santos, en unas cuantas horas millones de mexicanos aglomerados en distintas, parroquias, rector\u00edas, bas\u00edlicas y catedrales escuchar\u00edan: \u201cLes doy un mandamiento nuevo, que se amen los unos a los otros. Ustedes deben amarse unos a otros como yo los he amado\u201d (Jn. 13:34). Faltaba nada para ese sagrado momento cuando en Taxco, Guerrero; Camila de 10 a\u00f1os, ser\u00eda privada de la vida, al mandamiento nuevo lo ahogo la rabia y una turba enardecida linch\u00f3 a la feminicida de Camila, conden\u00e1ndola al mismo destino.","og_url":"https:\/\/www.univa.mx\/agora\/populum-bellum-puntos-de-partida-para-repensar-el-contrato-social-en-mexico\/","og_site_name":"\u00c1gora","article_published_time":"2024-05-13T15:00:28+00:00","og_image":[{"width":1280,"height":720,"url":"https:\/\/www.univa.mx\/agora\/wp-content\/uploads\/sites\/14\/2024\/05\/Luis-Eduardo-Ayala-Salazar-1280-x720.gif","type":"image\/gif"}],"author":"Comunicaci\u00f3n Sistema UNIVA","twitter_card":"summary_large_image","twitter_misc":{"Escrito por":"Comunicaci\u00f3n Sistema UNIVA","Tiempo de lectura":"7 minutos"},"schema":{"@context":"https:\/\/schema.org","@graph":[{"@type":"Article","@id":"https:\/\/www.univa.mx\/agora\/populum-bellum-puntos-de-partida-para-repensar-el-contrato-social-en-mexico\/#article","isPartOf":{"@id":"https:\/\/www.univa.mx\/agora\/populum-bellum-puntos-de-partida-para-repensar-el-contrato-social-en-mexico\/"},"author":{"name":"Comunicaci\u00f3n Sistema UNIVA","@id":"https:\/\/www.univa.mx\/agora\/#\/schema\/person\/698af210c9a2ad5b61255af506d223e3"},"headline":"Populum Bellum: Puntos de partida para repensar el contrato social en M\u00e9xico","datePublished":"2024-05-13T15:00:28+00:00","mainEntityOfPage":{"@id":"https:\/\/www.univa.mx\/agora\/populum-bellum-puntos-de-partida-para-repensar-el-contrato-social-en-mexico\/"},"wordCount":1585,"image":{"@id":"https:\/\/www.univa.mx\/agora\/populum-bellum-puntos-de-partida-para-repensar-el-contrato-social-en-mexico\/#primaryimage"},"thumbnailUrl":"https:\/\/www.univa.mx\/agora\/wp-content\/uploads\/sites\/14\/2024\/05\/Luis-Eduardo-Ayala-Salazar-1280-x720.gif","articleSection":["Tendencias","Voces UNIVA"],"inLanguage":"es"},{"@type":"WebPage","@id":"https:\/\/www.univa.mx\/agora\/populum-bellum-puntos-de-partida-para-repensar-el-contrato-social-en-mexico\/","url":"https:\/\/www.univa.mx\/agora\/populum-bellum-puntos-de-partida-para-repensar-el-contrato-social-en-mexico\/","name":"Populum Bellum: Puntos de partida para repensar el contrato social en M\u00e9xico - \u00c1gora","isPartOf":{"@id":"https:\/\/www.univa.mx\/agora\/#website"},"primaryImageOfPage":{"@id":"https:\/\/www.univa.mx\/agora\/populum-bellum-puntos-de-partida-para-repensar-el-contrato-social-en-mexico\/#primaryimage"},"image":{"@id":"https:\/\/www.univa.mx\/agora\/populum-bellum-puntos-de-partida-para-repensar-el-contrato-social-en-mexico\/#primaryimage"},"thumbnailUrl":"https:\/\/www.univa.mx\/agora\/wp-content\/uploads\/sites\/14\/2024\/05\/Luis-Eduardo-Ayala-Salazar-1280-x720.gif","datePublished":"2024-05-13T15:00:28+00:00","author":{"@id":"https:\/\/www.univa.mx\/agora\/#\/schema\/person\/698af210c9a2ad5b61255af506d223e3"},"description":"Eran las v\u00edsperas de los d\u00edas santos, en unas cuantas horas millones de mexicanos aglomerados en distintas, parroquias, rector\u00edas, bas\u00edlicas y catedrales escuchar\u00edan: \u201cLes doy un mandamiento nuevo, que se amen los unos a los otros. Ustedes deben amarse unos a otros como yo los he amado\u201d (Jn. 13:34). Faltaba nada para ese sagrado momento cuando en Taxco, Guerrero; Camila de 10 a\u00f1os, ser\u00eda privada de la vida, al mandamiento nuevo lo ahogo la rabia y una turba enardecida linch\u00f3 a la feminicida de Camila, conden\u00e1ndola al mismo destino.","breadcrumb":{"@id":"https:\/\/www.univa.mx\/agora\/populum-bellum-puntos-de-partida-para-repensar-el-contrato-social-en-mexico\/#breadcrumb"},"inLanguage":"es","potentialAction":[{"@type":"ReadAction","target":["https:\/\/www.univa.mx\/agora\/populum-bellum-puntos-de-partida-para-repensar-el-contrato-social-en-mexico\/"]}]},{"@type":"ImageObject","inLanguage":"es","@id":"https:\/\/www.univa.mx\/agora\/populum-bellum-puntos-de-partida-para-repensar-el-contrato-social-en-mexico\/#primaryimage","url":"https:\/\/www.univa.mx\/agora\/wp-content\/uploads\/sites\/14\/2024\/05\/Luis-Eduardo-Ayala-Salazar-1280-x720.gif","contentUrl":"https:\/\/www.univa.mx\/agora\/wp-content\/uploads\/sites\/14\/2024\/05\/Luis-Eduardo-Ayala-Salazar-1280-x720.gif","width":1280,"height":720},{"@type":"BreadcrumbList","@id":"https:\/\/www.univa.mx\/agora\/populum-bellum-puntos-de-partida-para-repensar-el-contrato-social-en-mexico\/#breadcrumb","itemListElement":[{"@type":"ListItem","position":1,"name":"Portada","item":"https:\/\/www.univa.mx\/agora\/"},{"@type":"ListItem","position":2,"name":"Populum Bellum: Puntos de partida para repensar el contrato social en M\u00e9xico"}]},{"@type":"WebSite","@id":"https:\/\/www.univa.mx\/agora\/#website","url":"https:\/\/www.univa.mx\/agora\/","name":"\u00c1gora","description":"","potentialAction":[{"@type":"SearchAction","target":{"@type":"EntryPoint","urlTemplate":"https:\/\/www.univa.mx\/agora\/?s={search_term_string}"},"query-input":{"@type":"PropertyValueSpecification","valueRequired":true,"valueName":"search_term_string"}}],"inLanguage":"es"},{"@type":"Person","@id":"https:\/\/www.univa.mx\/agora\/#\/schema\/person\/698af210c9a2ad5b61255af506d223e3","name":"Comunicaci\u00f3n Sistema UNIVA","image":{"@type":"ImageObject","inLanguage":"es","@id":"https:\/\/secure.gravatar.com\/avatar\/6aa0bbdc2764d6dabb18e0075a849c5887b5f3f2c39e3b19384bfd22e55dba7c?s=96&d=mm&r=g","url":"https:\/\/secure.gravatar.com\/avatar\/6aa0bbdc2764d6dabb18e0075a849c5887b5f3f2c39e3b19384bfd22e55dba7c?s=96&d=mm&r=g","contentUrl":"https:\/\/secure.gravatar.com\/avatar\/6aa0bbdc2764d6dabb18e0075a849c5887b5f3f2c39e3b19384bfd22e55dba7c?s=96&d=mm&r=g","caption":"Comunicaci\u00f3n Sistema UNIVA"},"url":"https:\/\/www.univa.mx\/agora\/author\/gustavo\/"}]}},"_links":{"self":[{"href":"https:\/\/www.univa.mx\/agora\/wp-json\/wp\/v2\/posts\/3615","targetHints":{"allow":["GET"]}}],"collection":[{"href":"https:\/\/www.univa.mx\/agora\/wp-json\/wp\/v2\/posts"}],"about":[{"href":"https:\/\/www.univa.mx\/agora\/wp-json\/wp\/v2\/types\/post"}],"author":[{"embeddable":true,"href":"https:\/\/www.univa.mx\/agora\/wp-json\/wp\/v2\/users\/40"}],"replies":[{"embeddable":true,"href":"https:\/\/www.univa.mx\/agora\/wp-json\/wp\/v2\/comments?post=3615"}],"version-history":[{"count":1,"href":"https:\/\/www.univa.mx\/agora\/wp-json\/wp\/v2\/posts\/3615\/revisions"}],"predecessor-version":[{"id":3617,"href":"https:\/\/www.univa.mx\/agora\/wp-json\/wp\/v2\/posts\/3615\/revisions\/3617"}],"wp:featuredmedia":[{"embeddable":true,"href":"https:\/\/www.univa.mx\/agora\/wp-json\/wp\/v2\/media\/3616"}],"wp:attachment":[{"href":"https:\/\/www.univa.mx\/agora\/wp-json\/wp\/v2\/media?parent=3615"}],"wp:term":[{"taxonomy":"category","embeddable":true,"href":"https:\/\/www.univa.mx\/agora\/wp-json\/wp\/v2\/categories?post=3615"},{"taxonomy":"post_tag","embeddable":true,"href":"https:\/\/www.univa.mx\/agora\/wp-json\/wp\/v2\/tags?post=3615"}],"curies":[{"name":"wp","href":"https:\/\/api.w.org\/{rel}","templated":true}]}}