{"id":3608,"date":"2024-05-09T09:00:22","date_gmt":"2024-05-09T15:00:22","guid":{"rendered":"https:\/\/www.univa.mx\/agora\/?p=3608"},"modified":"2024-05-10T14:02:27","modified_gmt":"2024-05-10T20:02:27","slug":"los-jueces-crean-derechos","status":"publish","type":"post","link":"https:\/\/www.univa.mx\/agora\/los-jueces-crean-derechos\/","title":{"rendered":"\u00bfLos jueces crean derechos?"},"content":{"rendered":"<p><em><strong>Sergio Arellano \u00b7 Asesor en derechos humanos y miembro de la comunidad UNIVA, campus Quer\u00e9taro<\/strong><\/em><\/p>\n<p><span data-contrast=\"auto\">Esencialmente, cuando hablamos de derechos humanos, podemos remitirnos a sus fuentes m\u00e1s importantes como la Constituci\u00f3n Pol\u00edtica de los Estados Unidos Mexicanos o los Tratados Internacionales que hayan sido ratificados por nuestro pa\u00eds. Sin embargo, cuando se trata de definir qu\u00e9 es lo mejor para el justiciable, los juzgadores tienen una labor de ex\u00e9gesis muy interesante.<\/span><span data-ccp-props=\"{&quot;201341983&quot;:0,&quot;335551550&quot;:6,&quot;335551620&quot;:6,&quot;335559739&quot;:360,&quot;335559740&quot;:360}\">\u00a0<\/span><\/p>\n<p><span data-contrast=\"auto\">Por ejemplo, las jurisprudencias como fuente del derecho mexicano, han provocado que ciertos criterios como el consentimiento informado en un proceso m\u00e9dico, se considere como un derecho humano. Esto es posible gracias al nivel argumentativo del Poder Judicial de la Federaci\u00f3n, que reconoce en sus pronunciamientos, los derechos expresamente plasmados en la norma escrita y los que son impl\u00edcitos.<\/span><span data-ccp-props=\"{&quot;201341983&quot;:0,&quot;335551550&quot;:6,&quot;335551620&quot;:6,&quot;335559739&quot;:360,&quot;335559740&quot;:360}\">\u00a0<\/span><\/p>\n<p><span data-contrast=\"auto\">Desde un plano internacional, podemos observar que la Corte Interamericana de los Derechos Humanos con fundamento en el art\u00edculo 29 de la Convenci\u00f3n Americana de Derechos Humanos, faculta a los pa\u00edses miembro del Pacto de San Jos\u00e9, para aplicar todos aquellos protocolos y mecanismos que robustezcan el disfrute y goce de los derechos humanos.<\/span><span data-ccp-props=\"{&quot;201341983&quot;:0,&quot;335551550&quot;:6,&quot;335551620&quot;:6,&quot;335559739&quot;:360,&quot;335559740&quot;:360}\">\u00a0<\/span><\/p>\n<p><span data-contrast=\"auto\">Tal art\u00edculo resulta extremadamente valioso para los juzgadores porque demuestra la necesidad de ahondar en razonamientos pro persona como un medio para impartir justicia m\u00e1s all\u00e1 de la legislaci\u00f3n. Ahora bien, estimada o estimado lector, para que podamos \u201cconstitucionalizar\u201d los derechos que devengan en un beneficio colectivo y\/o individual como lo refiere el Dr. Riccardo Guastini, indiscutiblemente tiene que haber una discusi\u00f3n y posterior an\u00e1lisis de quienes fungen como resolutores de las controversias jurisdiccionales.<\/span><span data-ccp-props=\"{&quot;201341983&quot;:0,&quot;335551550&quot;:6,&quot;335551620&quot;:6,&quot;335559739&quot;:360,&quot;335559740&quot;:360}\">\u00a0<\/span><\/p>\n<p><span data-contrast=\"auto\">En consecuencia, para mejorar la aplicaci\u00f3n del derecho, tiene que fortalecerse la proporcionalidad y ponderaci\u00f3n de la norma por parte de los jueces mexicanos, para que al pronunciarse, no se transgredan los derechos humanos de \u00edndole social, as\u00ed como los que procuran la igualdad, libertad, seguridad jur\u00eddica, y derechos colectivos entendidos como aquellos pertenecientes a los pueblos ind\u00edgenas.<\/span><span data-ccp-props=\"{&quot;201341983&quot;:0,&quot;335551550&quot;:6,&quot;335551620&quot;:6,&quot;335559739&quot;:360,&quot;335559740&quot;:360}\">\u00a0<\/span><\/p>\n<p><span data-contrast=\"auto\">En suma, este tema se traduce en la aplicaci\u00f3n eficaz del derecho positivo y en generar las bases para una adecuada ret\u00f3rica de derechos fundamentales que posteriormente pueda ser legislada.<\/span><span data-ccp-props=\"{&quot;201341983&quot;:0,&quot;335551550&quot;:6,&quot;335551620&quot;:6,&quot;335559739&quot;:360,&quot;335559740&quot;:360}\">\u00a0<\/span><\/p>\n","protected":false},"excerpt":{"rendered":"<p>Sergio Arellano \u00b7 Asesor en&#8230;<\/p>\n","protected":false},"author":40,"featured_media":3609,"comment_status":"closed","ping_status":"closed","sticky":false,"template":"","format":"standard","meta":{"footnotes":""},"categories":[6,17],"tags":[],"class_list":["post-3608","post","type-post","status-publish","format-standard","has-post-thumbnail","category-lideres-de-opinion","category-voces-univa"],"yoast_head":"<!-- This site is optimized with the Yoast SEO plugin v28.0 - https:\/\/yoast.com\/product\/yoast-seo-wordpress\/ -->\n<title>\u00bfLos jueces crean derechos? - \u00c1gora<\/title>\n<meta name=\"description\" content=\"Esencialmente, cuando hablamos de derechos humanos, podemos remitirnos a sus fuentes m\u00e1s importantes como la Constituci\u00f3n Pol\u00edtica de los Estados Unidos Mexicanos o los Tratados Internacionales que hayan sido ratificados por nuestro pa\u00eds. Sin embargo, cuando se trata de definir qu\u00e9 es lo mejor para el justiciable, los juzgadores tienen una labor de ex\u00e9gesis muy interesante.\u00a0\" \/>\n<meta name=\"robots\" content=\"index, follow, max-snippet:-1, max-image-preview:large, max-video-preview:-1\" \/>\n<link rel=\"canonical\" href=\"https:\/\/www.univa.mx\/agora\/los-jueces-crean-derechos\/\" \/>\n<meta property=\"og:locale\" content=\"es_ES\" \/>\n<meta property=\"og:type\" content=\"article\" \/>\n<meta property=\"og:title\" content=\"\u00bfLos jueces crean derechos? - \u00c1gora\" \/>\n<meta property=\"og:description\" content=\"Esencialmente, cuando hablamos de derechos humanos, podemos remitirnos a sus fuentes m\u00e1s importantes como la Constituci\u00f3n Pol\u00edtica de los Estados Unidos Mexicanos o los Tratados Internacionales que hayan sido ratificados por nuestro pa\u00eds. Sin embargo, cuando se trata de definir qu\u00e9 es lo mejor para el justiciable, los juzgadores tienen una labor de ex\u00e9gesis muy interesante.\u00a0\" \/>\n<meta property=\"og:url\" content=\"https:\/\/www.univa.mx\/agora\/los-jueces-crean-derechos\/\" \/>\n<meta property=\"og:site_name\" content=\"\u00c1gora\" \/>\n<meta property=\"article:published_time\" content=\"2024-05-09T15:00:22+00:00\" \/>\n<meta property=\"article:modified_time\" content=\"2024-05-10T20:02:27+00:00\" \/>\n<meta property=\"og:image\" content=\"https:\/\/www.univa.mx\/agora\/wp-content\/uploads\/sites\/14\/2024\/05\/Sergio-Arellano-1.gif\" \/>\n\t<meta property=\"og:image:width\" content=\"1280\" \/>\n\t<meta property=\"og:image:height\" content=\"720\" \/>\n\t<meta property=\"og:image:type\" content=\"image\/gif\" \/>\n<meta name=\"author\" content=\"Comunicaci\u00f3n Sistema UNIVA\" \/>\n<meta name=\"twitter:card\" content=\"summary_large_image\" \/>\n<meta name=\"twitter:label1\" content=\"Escrito por\" \/>\n\t<meta name=\"twitter:data1\" content=\"Comunicaci\u00f3n Sistema UNIVA\" \/>\n\t<meta name=\"twitter:label2\" content=\"Tiempo de lectura\" \/>\n\t<meta name=\"twitter:data2\" content=\"2 minutos\" \/>\n<script type=\"application\/ld+json\" class=\"yoast-schema-graph\">{\"@context\":\"https:\\\/\\\/schema.org\",\"@graph\":[{\"@type\":\"Article\",\"@id\":\"https:\\\/\\\/www.univa.mx\\\/agora\\\/los-jueces-crean-derechos\\\/#article\",\"isPartOf\":{\"@id\":\"https:\\\/\\\/www.univa.mx\\\/agora\\\/los-jueces-crean-derechos\\\/\"},\"author\":{\"name\":\"Comunicaci\u00f3n Sistema UNIVA\",\"@id\":\"https:\\\/\\\/www.univa.mx\\\/agora\\\/#\\\/schema\\\/person\\\/698af210c9a2ad5b61255af506d223e3\"},\"headline\":\"\u00bfLos jueces crean derechos?\",\"datePublished\":\"2024-05-09T15:00:22+00:00\",\"dateModified\":\"2024-05-10T20:02:27+00:00\",\"mainEntityOfPage\":{\"@id\":\"https:\\\/\\\/www.univa.mx\\\/agora\\\/los-jueces-crean-derechos\\\/\"},\"wordCount\":372,\"image\":{\"@id\":\"https:\\\/\\\/www.univa.mx\\\/agora\\\/los-jueces-crean-derechos\\\/#primaryimage\"},\"thumbnailUrl\":\"https:\\\/\\\/www.univa.mx\\\/agora\\\/wp-content\\\/uploads\\\/sites\\\/14\\\/2024\\\/05\\\/Sergio-Arellano-1.gif\",\"articleSection\":[\"L\u00edderes de Opini\u00f3n\",\"Voces UNIVA\"],\"inLanguage\":\"es\"},{\"@type\":\"WebPage\",\"@id\":\"https:\\\/\\\/www.univa.mx\\\/agora\\\/los-jueces-crean-derechos\\\/\",\"url\":\"https:\\\/\\\/www.univa.mx\\\/agora\\\/los-jueces-crean-derechos\\\/\",\"name\":\"\u00bfLos jueces crean derechos? - \u00c1gora\",\"isPartOf\":{\"@id\":\"https:\\\/\\\/www.univa.mx\\\/agora\\\/#website\"},\"primaryImageOfPage\":{\"@id\":\"https:\\\/\\\/www.univa.mx\\\/agora\\\/los-jueces-crean-derechos\\\/#primaryimage\"},\"image\":{\"@id\":\"https:\\\/\\\/www.univa.mx\\\/agora\\\/los-jueces-crean-derechos\\\/#primaryimage\"},\"thumbnailUrl\":\"https:\\\/\\\/www.univa.mx\\\/agora\\\/wp-content\\\/uploads\\\/sites\\\/14\\\/2024\\\/05\\\/Sergio-Arellano-1.gif\",\"datePublished\":\"2024-05-09T15:00:22+00:00\",\"dateModified\":\"2024-05-10T20:02:27+00:00\",\"author\":{\"@id\":\"https:\\\/\\\/www.univa.mx\\\/agora\\\/#\\\/schema\\\/person\\\/698af210c9a2ad5b61255af506d223e3\"},\"description\":\"Esencialmente, cuando hablamos de derechos humanos, podemos remitirnos a sus fuentes m\u00e1s importantes como la Constituci\u00f3n Pol\u00edtica de los Estados Unidos Mexicanos o los Tratados Internacionales que hayan sido ratificados por nuestro pa\u00eds. Sin embargo, cuando se trata de definir qu\u00e9 es lo mejor para el justiciable, los juzgadores tienen una labor de ex\u00e9gesis muy interesante.\u00a0\",\"breadcrumb\":{\"@id\":\"https:\\\/\\\/www.univa.mx\\\/agora\\\/los-jueces-crean-derechos\\\/#breadcrumb\"},\"inLanguage\":\"es\",\"potentialAction\":[{\"@type\":\"ReadAction\",\"target\":[\"https:\\\/\\\/www.univa.mx\\\/agora\\\/los-jueces-crean-derechos\\\/\"]}]},{\"@type\":\"ImageObject\",\"inLanguage\":\"es\",\"@id\":\"https:\\\/\\\/www.univa.mx\\\/agora\\\/los-jueces-crean-derechos\\\/#primaryimage\",\"url\":\"https:\\\/\\\/www.univa.mx\\\/agora\\\/wp-content\\\/uploads\\\/sites\\\/14\\\/2024\\\/05\\\/Sergio-Arellano-1.gif\",\"contentUrl\":\"https:\\\/\\\/www.univa.mx\\\/agora\\\/wp-content\\\/uploads\\\/sites\\\/14\\\/2024\\\/05\\\/Sergio-Arellano-1.gif\",\"width\":1280,\"height\":720},{\"@type\":\"BreadcrumbList\",\"@id\":\"https:\\\/\\\/www.univa.mx\\\/agora\\\/los-jueces-crean-derechos\\\/#breadcrumb\",\"itemListElement\":[{\"@type\":\"ListItem\",\"position\":1,\"name\":\"Portada\",\"item\":\"https:\\\/\\\/www.univa.mx\\\/agora\\\/\"},{\"@type\":\"ListItem\",\"position\":2,\"name\":\"\u00bfLos jueces crean derechos?\"}]},{\"@type\":\"WebSite\",\"@id\":\"https:\\\/\\\/www.univa.mx\\\/agora\\\/#website\",\"url\":\"https:\\\/\\\/www.univa.mx\\\/agora\\\/\",\"name\":\"\u00c1gora\",\"description\":\"\",\"potentialAction\":[{\"@type\":\"SearchAction\",\"target\":{\"@type\":\"EntryPoint\",\"urlTemplate\":\"https:\\\/\\\/www.univa.mx\\\/agora\\\/?s={search_term_string}\"},\"query-input\":{\"@type\":\"PropertyValueSpecification\",\"valueRequired\":true,\"valueName\":\"search_term_string\"}}],\"inLanguage\":\"es\"},{\"@type\":\"Person\",\"@id\":\"https:\\\/\\\/www.univa.mx\\\/agora\\\/#\\\/schema\\\/person\\\/698af210c9a2ad5b61255af506d223e3\",\"name\":\"Comunicaci\u00f3n Sistema UNIVA\",\"image\":{\"@type\":\"ImageObject\",\"inLanguage\":\"es\",\"@id\":\"https:\\\/\\\/secure.gravatar.com\\\/avatar\\\/6aa0bbdc2764d6dabb18e0075a849c5887b5f3f2c39e3b19384bfd22e55dba7c?s=96&d=mm&r=g\",\"url\":\"https:\\\/\\\/secure.gravatar.com\\\/avatar\\\/6aa0bbdc2764d6dabb18e0075a849c5887b5f3f2c39e3b19384bfd22e55dba7c?s=96&d=mm&r=g\",\"contentUrl\":\"https:\\\/\\\/secure.gravatar.com\\\/avatar\\\/6aa0bbdc2764d6dabb18e0075a849c5887b5f3f2c39e3b19384bfd22e55dba7c?s=96&d=mm&r=g\",\"caption\":\"Comunicaci\u00f3n Sistema UNIVA\"},\"url\":\"https:\\\/\\\/www.univa.mx\\\/agora\\\/author\\\/gustavo\\\/\"}]}<\/script>\n<!-- \/ Yoast SEO plugin. -->","yoast_head_json":{"title":"\u00bfLos jueces crean derechos? - \u00c1gora","description":"Esencialmente, cuando hablamos de derechos humanos, podemos remitirnos a sus fuentes m\u00e1s importantes como la Constituci\u00f3n Pol\u00edtica de los Estados Unidos Mexicanos o los Tratados Internacionales que hayan sido ratificados por nuestro pa\u00eds. Sin embargo, cuando se trata de definir qu\u00e9 es lo mejor para el justiciable, los juzgadores tienen una labor de ex\u00e9gesis muy interesante.\u00a0","robots":{"index":"index","follow":"follow","max-snippet":"max-snippet:-1","max-image-preview":"max-image-preview:large","max-video-preview":"max-video-preview:-1"},"canonical":"https:\/\/www.univa.mx\/agora\/los-jueces-crean-derechos\/","og_locale":"es_ES","og_type":"article","og_title":"\u00bfLos jueces crean derechos? - \u00c1gora","og_description":"Esencialmente, cuando hablamos de derechos humanos, podemos remitirnos a sus fuentes m\u00e1s importantes como la Constituci\u00f3n Pol\u00edtica de los Estados Unidos Mexicanos o los Tratados Internacionales que hayan sido ratificados por nuestro pa\u00eds. Sin embargo, cuando se trata de definir qu\u00e9 es lo mejor para el justiciable, los juzgadores tienen una labor de ex\u00e9gesis muy interesante.\u00a0","og_url":"https:\/\/www.univa.mx\/agora\/los-jueces-crean-derechos\/","og_site_name":"\u00c1gora","article_published_time":"2024-05-09T15:00:22+00:00","article_modified_time":"2024-05-10T20:02:27+00:00","og_image":[{"width":1280,"height":720,"url":"https:\/\/www.univa.mx\/agora\/wp-content\/uploads\/sites\/14\/2024\/05\/Sergio-Arellano-1.gif","type":"image\/gif"}],"author":"Comunicaci\u00f3n Sistema UNIVA","twitter_card":"summary_large_image","twitter_misc":{"Escrito por":"Comunicaci\u00f3n Sistema UNIVA","Tiempo de lectura":"2 minutos"},"schema":{"@context":"https:\/\/schema.org","@graph":[{"@type":"Article","@id":"https:\/\/www.univa.mx\/agora\/los-jueces-crean-derechos\/#article","isPartOf":{"@id":"https:\/\/www.univa.mx\/agora\/los-jueces-crean-derechos\/"},"author":{"name":"Comunicaci\u00f3n Sistema UNIVA","@id":"https:\/\/www.univa.mx\/agora\/#\/schema\/person\/698af210c9a2ad5b61255af506d223e3"},"headline":"\u00bfLos jueces crean derechos?","datePublished":"2024-05-09T15:00:22+00:00","dateModified":"2024-05-10T20:02:27+00:00","mainEntityOfPage":{"@id":"https:\/\/www.univa.mx\/agora\/los-jueces-crean-derechos\/"},"wordCount":372,"image":{"@id":"https:\/\/www.univa.mx\/agora\/los-jueces-crean-derechos\/#primaryimage"},"thumbnailUrl":"https:\/\/www.univa.mx\/agora\/wp-content\/uploads\/sites\/14\/2024\/05\/Sergio-Arellano-1.gif","articleSection":["L\u00edderes de Opini\u00f3n","Voces UNIVA"],"inLanguage":"es"},{"@type":"WebPage","@id":"https:\/\/www.univa.mx\/agora\/los-jueces-crean-derechos\/","url":"https:\/\/www.univa.mx\/agora\/los-jueces-crean-derechos\/","name":"\u00bfLos jueces crean derechos? - \u00c1gora","isPartOf":{"@id":"https:\/\/www.univa.mx\/agora\/#website"},"primaryImageOfPage":{"@id":"https:\/\/www.univa.mx\/agora\/los-jueces-crean-derechos\/#primaryimage"},"image":{"@id":"https:\/\/www.univa.mx\/agora\/los-jueces-crean-derechos\/#primaryimage"},"thumbnailUrl":"https:\/\/www.univa.mx\/agora\/wp-content\/uploads\/sites\/14\/2024\/05\/Sergio-Arellano-1.gif","datePublished":"2024-05-09T15:00:22+00:00","dateModified":"2024-05-10T20:02:27+00:00","author":{"@id":"https:\/\/www.univa.mx\/agora\/#\/schema\/person\/698af210c9a2ad5b61255af506d223e3"},"description":"Esencialmente, cuando hablamos de derechos humanos, podemos remitirnos a sus fuentes m\u00e1s importantes como la Constituci\u00f3n Pol\u00edtica de los Estados Unidos Mexicanos o los Tratados Internacionales que hayan sido ratificados por nuestro pa\u00eds. Sin embargo, cuando se trata de definir qu\u00e9 es lo mejor para el justiciable, los juzgadores tienen una labor de ex\u00e9gesis muy interesante.\u00a0","breadcrumb":{"@id":"https:\/\/www.univa.mx\/agora\/los-jueces-crean-derechos\/#breadcrumb"},"inLanguage":"es","potentialAction":[{"@type":"ReadAction","target":["https:\/\/www.univa.mx\/agora\/los-jueces-crean-derechos\/"]}]},{"@type":"ImageObject","inLanguage":"es","@id":"https:\/\/www.univa.mx\/agora\/los-jueces-crean-derechos\/#primaryimage","url":"https:\/\/www.univa.mx\/agora\/wp-content\/uploads\/sites\/14\/2024\/05\/Sergio-Arellano-1.gif","contentUrl":"https:\/\/www.univa.mx\/agora\/wp-content\/uploads\/sites\/14\/2024\/05\/Sergio-Arellano-1.gif","width":1280,"height":720},{"@type":"BreadcrumbList","@id":"https:\/\/www.univa.mx\/agora\/los-jueces-crean-derechos\/#breadcrumb","itemListElement":[{"@type":"ListItem","position":1,"name":"Portada","item":"https:\/\/www.univa.mx\/agora\/"},{"@type":"ListItem","position":2,"name":"\u00bfLos jueces crean derechos?"}]},{"@type":"WebSite","@id":"https:\/\/www.univa.mx\/agora\/#website","url":"https:\/\/www.univa.mx\/agora\/","name":"\u00c1gora","description":"","potentialAction":[{"@type":"SearchAction","target":{"@type":"EntryPoint","urlTemplate":"https:\/\/www.univa.mx\/agora\/?s={search_term_string}"},"query-input":{"@type":"PropertyValueSpecification","valueRequired":true,"valueName":"search_term_string"}}],"inLanguage":"es"},{"@type":"Person","@id":"https:\/\/www.univa.mx\/agora\/#\/schema\/person\/698af210c9a2ad5b61255af506d223e3","name":"Comunicaci\u00f3n Sistema UNIVA","image":{"@type":"ImageObject","inLanguage":"es","@id":"https:\/\/secure.gravatar.com\/avatar\/6aa0bbdc2764d6dabb18e0075a849c5887b5f3f2c39e3b19384bfd22e55dba7c?s=96&d=mm&r=g","url":"https:\/\/secure.gravatar.com\/avatar\/6aa0bbdc2764d6dabb18e0075a849c5887b5f3f2c39e3b19384bfd22e55dba7c?s=96&d=mm&r=g","contentUrl":"https:\/\/secure.gravatar.com\/avatar\/6aa0bbdc2764d6dabb18e0075a849c5887b5f3f2c39e3b19384bfd22e55dba7c?s=96&d=mm&r=g","caption":"Comunicaci\u00f3n Sistema UNIVA"},"url":"https:\/\/www.univa.mx\/agora\/author\/gustavo\/"}]}},"_links":{"self":[{"href":"https:\/\/www.univa.mx\/agora\/wp-json\/wp\/v2\/posts\/3608","targetHints":{"allow":["GET"]}}],"collection":[{"href":"https:\/\/www.univa.mx\/agora\/wp-json\/wp\/v2\/posts"}],"about":[{"href":"https:\/\/www.univa.mx\/agora\/wp-json\/wp\/v2\/types\/post"}],"author":[{"embeddable":true,"href":"https:\/\/www.univa.mx\/agora\/wp-json\/wp\/v2\/users\/40"}],"replies":[{"embeddable":true,"href":"https:\/\/www.univa.mx\/agora\/wp-json\/wp\/v2\/comments?post=3608"}],"version-history":[{"count":2,"href":"https:\/\/www.univa.mx\/agora\/wp-json\/wp\/v2\/posts\/3608\/revisions"}],"predecessor-version":[{"id":3621,"href":"https:\/\/www.univa.mx\/agora\/wp-json\/wp\/v2\/posts\/3608\/revisions\/3621"}],"wp:featuredmedia":[{"embeddable":true,"href":"https:\/\/www.univa.mx\/agora\/wp-json\/wp\/v2\/media\/3609"}],"wp:attachment":[{"href":"https:\/\/www.univa.mx\/agora\/wp-json\/wp\/v2\/media?parent=3608"}],"wp:term":[{"taxonomy":"category","embeddable":true,"href":"https:\/\/www.univa.mx\/agora\/wp-json\/wp\/v2\/categories?post=3608"},{"taxonomy":"post_tag","embeddable":true,"href":"https:\/\/www.univa.mx\/agora\/wp-json\/wp\/v2\/tags?post=3608"}],"curies":[{"name":"wp","href":"https:\/\/api.w.org\/{rel}","templated":true}]}}