{"id":1717,"date":"2022-03-15T12:00:46","date_gmt":"2022-03-15T18:00:46","guid":{"rendered":"https:\/\/www.univa.mx\/agora\/?p=1717"},"modified":"2022-03-15T12:00:46","modified_gmt":"2022-03-15T18:00:46","slug":"mas-alla-de-la-realeza","status":"publish","type":"post","link":"https:\/\/www.univa.mx\/agora\/mas-alla-de-la-realeza\/","title":{"rendered":"M\u00e1s all\u00e1 de la realeza"},"content":{"rendered":"<p><em><strong>Athziri Citlalli L\u00f3pez S\u00e1nchez \u00b7 Estudiante de la Licenciatura en Producci\u00f3n de Medios Audiovisuales UNIVA Guadalajara<\/strong><\/em><\/p>\n<p>&nbsp;<\/p>\n<p>Diana de Gales o mejor conocida como Lady Di, fue una completa inspiraci\u00f3n tanto para su generaci\u00f3n como para la generaci\u00f3n actual. La princesa no dej\u00f3 que el l\u00edmite de formar parte de la realeza le impidiera ayudar a su pa\u00eds e incluso a poblaciones externas.<\/p>\n<p>Nacida en Park House, Sandringham el 1 de julio de 1961, Diana Frances Spencer fue una arist\u00f3crata brit\u00e1nica, primera esposa de Carlos, pr\u00edncipe de Gales, heredero de la Corona brit\u00e1nica, con quien tuvo dos hijos, Guillermo y Enrique. Y en lugar de pasar horas disfrutando como un miembro de la realeza, decidi\u00f3 tomar un rol activo para involucrarse en diversas causas humanitarias. Su \u00faltimo compromiso de esta \u00edndole tuvo que ver con los campos minados, campa\u00f1a que obtuvo el Premio Nobel de la Paz en 1997.<\/p>\n<p>Tambi\u00e9n ayud\u00f3 a ni\u00f1os pobres en \u00c1frica y se uni\u00f3 a la causa de personas como Nelson Mandela, el Dal\u00e1i Lama o la Madre Teresa de Calcuta, encabezando as\u00ed numerosas fundaciones ben\u00e9ficas.<\/p>\n<p>Debido a que pose\u00eda una gran sensibilidad y valores humanos, pudo transmitirles esto a sus hijos y desde peque\u00f1os los llev\u00f3 a espacios de pacientes con sida, personas adictas, ancianos y ni\u00f1os con problemas de salud. Gracias a su labor humanitaria y su contacto directo con la poblaci\u00f3n se gan\u00f3 el nombre de \u201cla princesa del pueblo\u201d.<\/p>\n<p>A pesar de ser parte de la familia real, lleg\u00f3 a recibir ciertos castigos por parte de ellos debido a su activismo social y por querer actuar como una persona com\u00fan. Sin embargo, gracias a su coraje y amabilidad logr\u00f3 causar un gran impacto en la poblaci\u00f3n, llev\u00e1ndose as\u00ed el coraz\u00f3n de todos, incluido el m\u00edo, pues desde que la conoc\u00ed la he admirado y me da pesar saber que a\u00fan ten\u00eda mucho por aportar al mundo. Diana sigue siendo respetada e inspira otros a realizar actos de fe, por lo que es una de las muchas mujeres que hoy en d\u00eda deben de ser conmemoradas este 8 de marzo.<\/p>\n<p>&nbsp;<\/p>\n","protected":false},"excerpt":{"rendered":"<p>Athziri Citlalli L\u00f3pez S\u00e1nchez \u00b7&#8230;<\/p>\n","protected":false},"author":2,"featured_media":1718,"comment_status":"open","ping_status":"open","sticky":false,"template":"","format":"standard","meta":{"footnotes":""},"categories":[7,17],"tags":[],"class_list":{"0":"post-1717","1":"post","2":"type-post","3":"status-publish","4":"format-standard","5":"has-post-thumbnail","7":"category-lideres-universitarios","8":"category-voces-univa"},"yoast_head":"<!-- This site is optimized with the Yoast SEO plugin v26.6 - https:\/\/yoast.com\/wordpress\/plugins\/seo\/ -->\n<title>M\u00e1s all\u00e1 de la realeza - \u00c1gora<\/title>\n<meta name=\"robots\" content=\"index, follow, max-snippet:-1, max-image-preview:large, max-video-preview:-1\" \/>\n<link rel=\"canonical\" href=\"https:\/\/www.univa.mx\/agora\/mas-alla-de-la-realeza\/\" \/>\n<meta property=\"og:locale\" content=\"es_ES\" \/>\n<meta property=\"og:type\" content=\"article\" \/>\n<meta property=\"og:title\" content=\"M\u00e1s all\u00e1 de la realeza - \u00c1gora\" \/>\n<meta property=\"og:description\" content=\"Athziri Citlalli L\u00f3pez S\u00e1nchez \u00b7...\" \/>\n<meta property=\"og:url\" content=\"https:\/\/www.univa.mx\/agora\/mas-alla-de-la-realeza\/\" \/>\n<meta property=\"og:site_name\" content=\"\u00c1gora\" \/>\n<meta property=\"article:published_time\" content=\"2022-03-15T18:00:46+00:00\" \/>\n<meta property=\"og:image\" content=\"https:\/\/www.univa.mx\/agora\/wp-content\/uploads\/sites\/14\/2022\/03\/Athziri-Citlalli-L\u00f3pez-S\u00e1nchez.png\" \/>\n\t<meta property=\"og:image:width\" content=\"1280\" \/>\n\t<meta property=\"og:image:height\" content=\"720\" \/>\n\t<meta property=\"og:image:type\" content=\"image\/png\" \/>\n<meta name=\"author\" content=\"Comunicaci\u00f3n Sistema UNIVA\" \/>\n<meta name=\"twitter:card\" content=\"summary_large_image\" \/>\n<meta name=\"twitter:label1\" content=\"Escrito por\" \/>\n\t<meta name=\"twitter:data1\" content=\"Comunicaci\u00f3n Sistema UNIVA\" \/>\n\t<meta name=\"twitter:label2\" content=\"Tiempo de lectura\" \/>\n\t<meta name=\"twitter:data2\" content=\"2 minutos\" \/>\n<script type=\"application\/ld+json\" class=\"yoast-schema-graph\">{\"@context\":\"https:\/\/schema.org\",\"@graph\":[{\"@type\":\"WebPage\",\"@id\":\"https:\/\/www.univa.mx\/agora\/mas-alla-de-la-realeza\/\",\"url\":\"https:\/\/www.univa.mx\/agora\/mas-alla-de-la-realeza\/\",\"name\":\"M\u00e1s all\u00e1 de la realeza - \u00c1gora\",\"isPartOf\":{\"@id\":\"https:\/\/www.univa.mx\/agora\/#website\"},\"primaryImageOfPage\":{\"@id\":\"https:\/\/www.univa.mx\/agora\/mas-alla-de-la-realeza\/#primaryimage\"},\"image\":{\"@id\":\"https:\/\/www.univa.mx\/agora\/mas-alla-de-la-realeza\/#primaryimage\"},\"thumbnailUrl\":\"https:\/\/www.univa.mx\/agora\/wp-content\/uploads\/sites\/14\/2022\/03\/Athziri-Citlalli-L\u00f3pez-S\u00e1nchez.png\",\"datePublished\":\"2022-03-15T18:00:46+00:00\",\"author\":{\"@id\":\"https:\/\/www.univa.mx\/agora\/#\/schema\/person\/69c7c7ff4ec76903a1b7038cb8f0b6cd\"},\"breadcrumb\":{\"@id\":\"https:\/\/www.univa.mx\/agora\/mas-alla-de-la-realeza\/#breadcrumb\"},\"inLanguage\":\"es\",\"potentialAction\":[{\"@type\":\"ReadAction\",\"target\":[\"https:\/\/www.univa.mx\/agora\/mas-alla-de-la-realeza\/\"]}]},{\"@type\":\"ImageObject\",\"inLanguage\":\"es\",\"@id\":\"https:\/\/www.univa.mx\/agora\/mas-alla-de-la-realeza\/#primaryimage\",\"url\":\"https:\/\/www.univa.mx\/agora\/wp-content\/uploads\/sites\/14\/2022\/03\/Athziri-Citlalli-L\u00f3pez-S\u00e1nchez.png\",\"contentUrl\":\"https:\/\/www.univa.mx\/agora\/wp-content\/uploads\/sites\/14\/2022\/03\/Athziri-Citlalli-L\u00f3pez-S\u00e1nchez.png\",\"width\":1280,\"height\":720},{\"@type\":\"BreadcrumbList\",\"@id\":\"https:\/\/www.univa.mx\/agora\/mas-alla-de-la-realeza\/#breadcrumb\",\"itemListElement\":[{\"@type\":\"ListItem\",\"position\":1,\"name\":\"Portada\",\"item\":\"https:\/\/www.univa.mx\/agora\/\"},{\"@type\":\"ListItem\",\"position\":2,\"name\":\"M\u00e1s all\u00e1 de la realeza\"}]},{\"@type\":\"WebSite\",\"@id\":\"https:\/\/www.univa.mx\/agora\/#website\",\"url\":\"https:\/\/www.univa.mx\/agora\/\",\"name\":\"\u00c1gora\",\"description\":\"\",\"potentialAction\":[{\"@type\":\"SearchAction\",\"target\":{\"@type\":\"EntryPoint\",\"urlTemplate\":\"https:\/\/www.univa.mx\/agora\/?s={search_term_string}\"},\"query-input\":{\"@type\":\"PropertyValueSpecification\",\"valueRequired\":true,\"valueName\":\"search_term_string\"}}],\"inLanguage\":\"es\"},{\"@type\":\"Person\",\"@id\":\"https:\/\/www.univa.mx\/agora\/#\/schema\/person\/69c7c7ff4ec76903a1b7038cb8f0b6cd\",\"name\":\"Comunicaci\u00f3n Sistema UNIVA\",\"image\":{\"@type\":\"ImageObject\",\"inLanguage\":\"es\",\"@id\":\"https:\/\/www.univa.mx\/agora\/#\/schema\/person\/image\/\",\"url\":\"https:\/\/secure.gravatar.com\/avatar\/e5c70e7a9e29f270de612e0fc3ec80dfe6dcaa543bd068051f89740873db7146?s=96&d=mm&r=g\",\"contentUrl\":\"https:\/\/secure.gravatar.com\/avatar\/e5c70e7a9e29f270de612e0fc3ec80dfe6dcaa543bd068051f89740873db7146?s=96&d=mm&r=g\",\"caption\":\"Comunicaci\u00f3n Sistema UNIVA\"},\"url\":\"https:\/\/www.univa.mx\/agora\/author\/davidrosas\/\"}]}<\/script>\n<!-- \/ Yoast SEO plugin. -->","yoast_head_json":{"title":"M\u00e1s all\u00e1 de la realeza - \u00c1gora","robots":{"index":"index","follow":"follow","max-snippet":"max-snippet:-1","max-image-preview":"max-image-preview:large","max-video-preview":"max-video-preview:-1"},"canonical":"https:\/\/www.univa.mx\/agora\/mas-alla-de-la-realeza\/","og_locale":"es_ES","og_type":"article","og_title":"M\u00e1s all\u00e1 de la realeza - \u00c1gora","og_description":"Athziri Citlalli L\u00f3pez S\u00e1nchez \u00b7...","og_url":"https:\/\/www.univa.mx\/agora\/mas-alla-de-la-realeza\/","og_site_name":"\u00c1gora","article_published_time":"2022-03-15T18:00:46+00:00","og_image":[{"width":1280,"height":720,"url":"https:\/\/www.univa.mx\/agora\/wp-content\/uploads\/sites\/14\/2022\/03\/Athziri-Citlalli-L\u00f3pez-S\u00e1nchez.png","type":"image\/png"}],"author":"Comunicaci\u00f3n Sistema UNIVA","twitter_card":"summary_large_image","twitter_misc":{"Escrito por":"Comunicaci\u00f3n Sistema UNIVA","Tiempo de lectura":"2 minutos"},"schema":{"@context":"https:\/\/schema.org","@graph":[{"@type":"WebPage","@id":"https:\/\/www.univa.mx\/agora\/mas-alla-de-la-realeza\/","url":"https:\/\/www.univa.mx\/agora\/mas-alla-de-la-realeza\/","name":"M\u00e1s all\u00e1 de la realeza - \u00c1gora","isPartOf":{"@id":"https:\/\/www.univa.mx\/agora\/#website"},"primaryImageOfPage":{"@id":"https:\/\/www.univa.mx\/agora\/mas-alla-de-la-realeza\/#primaryimage"},"image":{"@id":"https:\/\/www.univa.mx\/agora\/mas-alla-de-la-realeza\/#primaryimage"},"thumbnailUrl":"https:\/\/www.univa.mx\/agora\/wp-content\/uploads\/sites\/14\/2022\/03\/Athziri-Citlalli-L\u00f3pez-S\u00e1nchez.png","datePublished":"2022-03-15T18:00:46+00:00","author":{"@id":"https:\/\/www.univa.mx\/agora\/#\/schema\/person\/69c7c7ff4ec76903a1b7038cb8f0b6cd"},"breadcrumb":{"@id":"https:\/\/www.univa.mx\/agora\/mas-alla-de-la-realeza\/#breadcrumb"},"inLanguage":"es","potentialAction":[{"@type":"ReadAction","target":["https:\/\/www.univa.mx\/agora\/mas-alla-de-la-realeza\/"]}]},{"@type":"ImageObject","inLanguage":"es","@id":"https:\/\/www.univa.mx\/agora\/mas-alla-de-la-realeza\/#primaryimage","url":"https:\/\/www.univa.mx\/agora\/wp-content\/uploads\/sites\/14\/2022\/03\/Athziri-Citlalli-L\u00f3pez-S\u00e1nchez.png","contentUrl":"https:\/\/www.univa.mx\/agora\/wp-content\/uploads\/sites\/14\/2022\/03\/Athziri-Citlalli-L\u00f3pez-S\u00e1nchez.png","width":1280,"height":720},{"@type":"BreadcrumbList","@id":"https:\/\/www.univa.mx\/agora\/mas-alla-de-la-realeza\/#breadcrumb","itemListElement":[{"@type":"ListItem","position":1,"name":"Portada","item":"https:\/\/www.univa.mx\/agora\/"},{"@type":"ListItem","position":2,"name":"M\u00e1s all\u00e1 de la realeza"}]},{"@type":"WebSite","@id":"https:\/\/www.univa.mx\/agora\/#website","url":"https:\/\/www.univa.mx\/agora\/","name":"\u00c1gora","description":"","potentialAction":[{"@type":"SearchAction","target":{"@type":"EntryPoint","urlTemplate":"https:\/\/www.univa.mx\/agora\/?s={search_term_string}"},"query-input":{"@type":"PropertyValueSpecification","valueRequired":true,"valueName":"search_term_string"}}],"inLanguage":"es"},{"@type":"Person","@id":"https:\/\/www.univa.mx\/agora\/#\/schema\/person\/69c7c7ff4ec76903a1b7038cb8f0b6cd","name":"Comunicaci\u00f3n Sistema UNIVA","image":{"@type":"ImageObject","inLanguage":"es","@id":"https:\/\/www.univa.mx\/agora\/#\/schema\/person\/image\/","url":"https:\/\/secure.gravatar.com\/avatar\/e5c70e7a9e29f270de612e0fc3ec80dfe6dcaa543bd068051f89740873db7146?s=96&d=mm&r=g","contentUrl":"https:\/\/secure.gravatar.com\/avatar\/e5c70e7a9e29f270de612e0fc3ec80dfe6dcaa543bd068051f89740873db7146?s=96&d=mm&r=g","caption":"Comunicaci\u00f3n Sistema UNIVA"},"url":"https:\/\/www.univa.mx\/agora\/author\/davidrosas\/"}]}},"_links":{"self":[{"href":"https:\/\/www.univa.mx\/agora\/wp-json\/wp\/v2\/posts\/1717","targetHints":{"allow":["GET"]}}],"collection":[{"href":"https:\/\/www.univa.mx\/agora\/wp-json\/wp\/v2\/posts"}],"about":[{"href":"https:\/\/www.univa.mx\/agora\/wp-json\/wp\/v2\/types\/post"}],"author":[{"embeddable":true,"href":"https:\/\/www.univa.mx\/agora\/wp-json\/wp\/v2\/users\/2"}],"replies":[{"embeddable":true,"href":"https:\/\/www.univa.mx\/agora\/wp-json\/wp\/v2\/comments?post=1717"}],"version-history":[{"count":1,"href":"https:\/\/www.univa.mx\/agora\/wp-json\/wp\/v2\/posts\/1717\/revisions"}],"predecessor-version":[{"id":1719,"href":"https:\/\/www.univa.mx\/agora\/wp-json\/wp\/v2\/posts\/1717\/revisions\/1719"}],"wp:featuredmedia":[{"embeddable":true,"href":"https:\/\/www.univa.mx\/agora\/wp-json\/wp\/v2\/media\/1718"}],"wp:attachment":[{"href":"https:\/\/www.univa.mx\/agora\/wp-json\/wp\/v2\/media?parent=1717"}],"wp:term":[{"taxonomy":"category","embeddable":true,"href":"https:\/\/www.univa.mx\/agora\/wp-json\/wp\/v2\/categories?post=1717"},{"taxonomy":"post_tag","embeddable":true,"href":"https:\/\/www.univa.mx\/agora\/wp-json\/wp\/v2\/tags?post=1717"}],"curies":[{"name":"wp","href":"https:\/\/api.w.org\/{rel}","templated":true}]}}