{"id":1637,"date":"2022-01-25T14:36:57","date_gmt":"2022-01-25T20:36:57","guid":{"rendered":"https:\/\/www.univa.mx\/agora\/?p=1637"},"modified":"2022-01-25T14:36:57","modified_gmt":"2022-01-25T20:36:57","slug":"las-falsas-figuras","status":"publish","type":"post","link":"https:\/\/www.univa.mx\/agora\/las-falsas-figuras\/","title":{"rendered":"Las falsas figuras"},"content":{"rendered":"<p><em><strong>Laura O. Robles Sahag\u00fan \u00b7 Coordinadora de Alumni y Bolsa de Trabajo UNIVA Guadalajara<\/strong><\/em><\/p>\n<p>&nbsp;<\/p>\n<p>Hoy en d\u00eda hablar de liderazgo parece ser una moda y que, como tal, se est\u00e1 distorsionando desde su m\u00e1s pura concepci\u00f3n y desde mi punto de vista, esto ha sucedido desde el uso excesivo de plataformas para emitir mensajes sin contenidos de calidad, sin tecnolog\u00eda, efectos o cualquier tipo de arte, s\u00ed, me refiero a aquellos que se dicen \u201cinfluencers\u201d porque han logrado monetizar sus cuentas. Claro est\u00e1, no nos podemos olvidar tampoco de esos personajes creados para la pol\u00edtica o para la far\u00e1ndula.<\/p>\n<p>Este suceso va m\u00e1s all\u00e1 de grupos de edad, g\u00e9neros, preferencias y\/o ideolog\u00edas, pero ha logrado impactar fuertemente a la sociedad.<\/p>\n<p>Quiz\u00e1 visto desde un punto de vista muy puro o tradicional, un liderazgo se ve reflejado en el ser, en el decir, en el pensar y en el sentir. Un l\u00edder probablemente nace con ciertas caracter\u00edsticas que pueden ayudarle a desarrollar esa personalidad pujante, pero sin duda, hay elementos que se deben aprender s\u00ed en el aula, pero tambi\u00e9n s\u00ed en casa y s\u00ed en la vida diaria.<\/p>\n<p>Ejecutar acciones de liderazgo conlleva una fuerte dosis de responsabilidad, de congruencia y de autenticidad. En cada momento se requiere ver a las cosas, a las situaciones y a las personas con detalle para detectar las oportunidades que se presentan y, por ende, aprovecharlas.<\/p>\n<p>Ser l\u00edder no es gritar, no es imponer miedo, ni sentirse superior a los dem\u00e1s. Ser l\u00edder es estar en constante crecimiento, preparaci\u00f3n, tener la humildad para seguir aprendiendo y para contar con la inteligencia emocional que este nombramiento conlleva.<\/p>\n<p>Por ello, para de verdad influir en la vida de los dem\u00e1s, no solamente basta una c\u00e1mara, una banda ancha de Internet y saber manejar las aplicaciones. Eso cualquier persona puede aprenderlo (dicho est\u00e1 de paso que reconozco en todo lo que vale la mente de los creadores de estas maravillas que nos facilitan la vida); pero crear contenidos de calidad solo es para personas con gran preparaci\u00f3n y alta dosis de empat\u00eda, conocimiento de su p\u00fablico y de los micro y macroentornos.<\/p>\n<p>Hay miles de frases relativas al liderazgo y muchas de ellas con importantes dosis de verdad; desde aquellas que dicen que ser jefe no es ser l\u00edder o los siete pasos para ser un gran l\u00edder, etc. Pero el liderazgo se forja d\u00eda a d\u00eda y no es necesario demostrarlo, ese se nota por s\u00ed mismo.<\/p>\n<p>Las falsas figuras no son l\u00edderes, son personajes creados para un objetivo, pero tan endebles que en cualquier momento sale al descubierto su verdadero ser. As\u00ed que en nosotros mismos est\u00e1 a quien impulsamos, seguimos y a quien le creemos.<\/p>\n<p>Publicado en La Cr\u00f3nica de Hoy Jalisco del viernes, 21 de enero de 2022.<\/p>\n","protected":false},"excerpt":{"rendered":"<p>Laura O. Robles Sahag\u00fan \u00b7&#8230;<\/p>\n","protected":false},"author":2,"featured_media":1584,"comment_status":"open","ping_status":"open","sticky":false,"template":"","format":"standard","meta":{"footnotes":""},"categories":[6,17],"tags":[],"class_list":["post-1637","post","type-post","status-publish","format-standard","has-post-thumbnail","category-lideres-de-opinion","category-voces-univa"],"yoast_head":"<!-- This site is optimized with the Yoast SEO plugin v28.0 - https:\/\/yoast.com\/product\/yoast-seo-wordpress\/ -->\n<title>Las falsas figuras - \u00c1gora<\/title>\n<meta name=\"robots\" content=\"index, follow, max-snippet:-1, max-image-preview:large, max-video-preview:-1\" \/>\n<link rel=\"canonical\" href=\"https:\/\/www.univa.mx\/agora\/las-falsas-figuras\/\" \/>\n<meta property=\"og:locale\" content=\"es_ES\" \/>\n<meta property=\"og:type\" content=\"article\" \/>\n<meta property=\"og:title\" content=\"Las falsas figuras - \u00c1gora\" \/>\n<meta property=\"og:description\" content=\"Laura O. Robles Sahag\u00fan \u00b7...\" \/>\n<meta property=\"og:url\" content=\"https:\/\/www.univa.mx\/agora\/las-falsas-figuras\/\" \/>\n<meta property=\"og:site_name\" content=\"\u00c1gora\" \/>\n<meta property=\"article:published_time\" content=\"2022-01-25T20:36:57+00:00\" \/>\n<meta property=\"og:image\" content=\"https:\/\/www.univa.mx\/agora\/wp-content\/uploads\/sites\/14\/2021\/12\/Laura.jpg\" \/>\n\t<meta property=\"og:image:width\" content=\"1280\" \/>\n\t<meta property=\"og:image:height\" content=\"720\" \/>\n\t<meta property=\"og:image:type\" content=\"image\/jpeg\" \/>\n<meta name=\"author\" content=\"Comunicaci\u00f3n Sistema UNIVA\" \/>\n<meta name=\"twitter:card\" content=\"summary_large_image\" \/>\n<meta name=\"twitter:label1\" content=\"Escrito por\" \/>\n\t<meta name=\"twitter:data1\" content=\"Comunicaci\u00f3n Sistema UNIVA\" \/>\n\t<meta name=\"twitter:label2\" content=\"Tiempo de lectura\" \/>\n\t<meta name=\"twitter:data2\" content=\"3 minutos\" \/>\n<script type=\"application\/ld+json\" class=\"yoast-schema-graph\">{\"@context\":\"https:\\\/\\\/schema.org\",\"@graph\":[{\"@type\":\"Article\",\"@id\":\"https:\\\/\\\/www.univa.mx\\\/agora\\\/las-falsas-figuras\\\/#article\",\"isPartOf\":{\"@id\":\"https:\\\/\\\/www.univa.mx\\\/agora\\\/las-falsas-figuras\\\/\"},\"author\":{\"name\":\"Comunicaci\u00f3n Sistema UNIVA\",\"@id\":\"https:\\\/\\\/www.univa.mx\\\/agora\\\/#\\\/schema\\\/person\\\/64d2681f983b949ff6e4ace270236879\"},\"headline\":\"Las falsas figuras\",\"datePublished\":\"2022-01-25T20:36:57+00:00\",\"mainEntityOfPage\":{\"@id\":\"https:\\\/\\\/www.univa.mx\\\/agora\\\/las-falsas-figuras\\\/\"},\"wordCount\":495,\"commentCount\":0,\"image\":{\"@id\":\"https:\\\/\\\/www.univa.mx\\\/agora\\\/las-falsas-figuras\\\/#primaryimage\"},\"thumbnailUrl\":\"https:\\\/\\\/www.univa.mx\\\/agora\\\/wp-content\\\/uploads\\\/sites\\\/14\\\/2021\\\/12\\\/Laura.jpg\",\"articleSection\":[\"L\u00edderes de Opini\u00f3n\",\"Voces UNIVA\"],\"inLanguage\":\"es\",\"potentialAction\":[{\"@type\":\"CommentAction\",\"name\":\"Comment\",\"target\":[\"https:\\\/\\\/www.univa.mx\\\/agora\\\/las-falsas-figuras\\\/#respond\"]}]},{\"@type\":\"WebPage\",\"@id\":\"https:\\\/\\\/www.univa.mx\\\/agora\\\/las-falsas-figuras\\\/\",\"url\":\"https:\\\/\\\/www.univa.mx\\\/agora\\\/las-falsas-figuras\\\/\",\"name\":\"Las falsas figuras - \u00c1gora\",\"isPartOf\":{\"@id\":\"https:\\\/\\\/www.univa.mx\\\/agora\\\/#website\"},\"primaryImageOfPage\":{\"@id\":\"https:\\\/\\\/www.univa.mx\\\/agora\\\/las-falsas-figuras\\\/#primaryimage\"},\"image\":{\"@id\":\"https:\\\/\\\/www.univa.mx\\\/agora\\\/las-falsas-figuras\\\/#primaryimage\"},\"thumbnailUrl\":\"https:\\\/\\\/www.univa.mx\\\/agora\\\/wp-content\\\/uploads\\\/sites\\\/14\\\/2021\\\/12\\\/Laura.jpg\",\"datePublished\":\"2022-01-25T20:36:57+00:00\",\"author\":{\"@id\":\"https:\\\/\\\/www.univa.mx\\\/agora\\\/#\\\/schema\\\/person\\\/64d2681f983b949ff6e4ace270236879\"},\"breadcrumb\":{\"@id\":\"https:\\\/\\\/www.univa.mx\\\/agora\\\/las-falsas-figuras\\\/#breadcrumb\"},\"inLanguage\":\"es\",\"potentialAction\":[{\"@type\":\"ReadAction\",\"target\":[\"https:\\\/\\\/www.univa.mx\\\/agora\\\/las-falsas-figuras\\\/\"]}]},{\"@type\":\"ImageObject\",\"inLanguage\":\"es\",\"@id\":\"https:\\\/\\\/www.univa.mx\\\/agora\\\/las-falsas-figuras\\\/#primaryimage\",\"url\":\"https:\\\/\\\/www.univa.mx\\\/agora\\\/wp-content\\\/uploads\\\/sites\\\/14\\\/2021\\\/12\\\/Laura.jpg\",\"contentUrl\":\"https:\\\/\\\/www.univa.mx\\\/agora\\\/wp-content\\\/uploads\\\/sites\\\/14\\\/2021\\\/12\\\/Laura.jpg\",\"width\":1280,\"height\":720},{\"@type\":\"BreadcrumbList\",\"@id\":\"https:\\\/\\\/www.univa.mx\\\/agora\\\/las-falsas-figuras\\\/#breadcrumb\",\"itemListElement\":[{\"@type\":\"ListItem\",\"position\":1,\"name\":\"Portada\",\"item\":\"https:\\\/\\\/www.univa.mx\\\/agora\\\/\"},{\"@type\":\"ListItem\",\"position\":2,\"name\":\"Las falsas figuras\"}]},{\"@type\":\"WebSite\",\"@id\":\"https:\\\/\\\/www.univa.mx\\\/agora\\\/#website\",\"url\":\"https:\\\/\\\/www.univa.mx\\\/agora\\\/\",\"name\":\"\u00c1gora\",\"description\":\"\",\"potentialAction\":[{\"@type\":\"SearchAction\",\"target\":{\"@type\":\"EntryPoint\",\"urlTemplate\":\"https:\\\/\\\/www.univa.mx\\\/agora\\\/?s={search_term_string}\"},\"query-input\":{\"@type\":\"PropertyValueSpecification\",\"valueRequired\":true,\"valueName\":\"search_term_string\"}}],\"inLanguage\":\"es\"},{\"@type\":\"Person\",\"@id\":\"https:\\\/\\\/www.univa.mx\\\/agora\\\/#\\\/schema\\\/person\\\/64d2681f983b949ff6e4ace270236879\",\"name\":\"Comunicaci\u00f3n Sistema UNIVA\",\"image\":{\"@type\":\"ImageObject\",\"inLanguage\":\"es\",\"@id\":\"https:\\\/\\\/secure.gravatar.com\\\/avatar\\\/e5c70e7a9e29f270de612e0fc3ec80dfe6dcaa543bd068051f89740873db7146?s=96&d=mm&r=g\",\"url\":\"https:\\\/\\\/secure.gravatar.com\\\/avatar\\\/e5c70e7a9e29f270de612e0fc3ec80dfe6dcaa543bd068051f89740873db7146?s=96&d=mm&r=g\",\"contentUrl\":\"https:\\\/\\\/secure.gravatar.com\\\/avatar\\\/e5c70e7a9e29f270de612e0fc3ec80dfe6dcaa543bd068051f89740873db7146?s=96&d=mm&r=g\",\"caption\":\"Comunicaci\u00f3n Sistema UNIVA\"},\"url\":\"https:\\\/\\\/www.univa.mx\\\/agora\\\/author\\\/davidrosas\\\/\"}]}<\/script>\n<!-- \/ Yoast SEO plugin. -->","yoast_head_json":{"title":"Las falsas figuras - \u00c1gora","robots":{"index":"index","follow":"follow","max-snippet":"max-snippet:-1","max-image-preview":"max-image-preview:large","max-video-preview":"max-video-preview:-1"},"canonical":"https:\/\/www.univa.mx\/agora\/las-falsas-figuras\/","og_locale":"es_ES","og_type":"article","og_title":"Las falsas figuras - \u00c1gora","og_description":"Laura O. Robles Sahag\u00fan \u00b7...","og_url":"https:\/\/www.univa.mx\/agora\/las-falsas-figuras\/","og_site_name":"\u00c1gora","article_published_time":"2022-01-25T20:36:57+00:00","og_image":[{"width":1280,"height":720,"url":"https:\/\/www.univa.mx\/agora\/wp-content\/uploads\/sites\/14\/2021\/12\/Laura.jpg","type":"image\/jpeg"}],"author":"Comunicaci\u00f3n Sistema UNIVA","twitter_card":"summary_large_image","twitter_misc":{"Escrito por":"Comunicaci\u00f3n Sistema UNIVA","Tiempo de lectura":"3 minutos"},"schema":{"@context":"https:\/\/schema.org","@graph":[{"@type":"Article","@id":"https:\/\/www.univa.mx\/agora\/las-falsas-figuras\/#article","isPartOf":{"@id":"https:\/\/www.univa.mx\/agora\/las-falsas-figuras\/"},"author":{"name":"Comunicaci\u00f3n Sistema UNIVA","@id":"https:\/\/www.univa.mx\/agora\/#\/schema\/person\/64d2681f983b949ff6e4ace270236879"},"headline":"Las falsas figuras","datePublished":"2022-01-25T20:36:57+00:00","mainEntityOfPage":{"@id":"https:\/\/www.univa.mx\/agora\/las-falsas-figuras\/"},"wordCount":495,"commentCount":0,"image":{"@id":"https:\/\/www.univa.mx\/agora\/las-falsas-figuras\/#primaryimage"},"thumbnailUrl":"https:\/\/www.univa.mx\/agora\/wp-content\/uploads\/sites\/14\/2021\/12\/Laura.jpg","articleSection":["L\u00edderes de Opini\u00f3n","Voces UNIVA"],"inLanguage":"es","potentialAction":[{"@type":"CommentAction","name":"Comment","target":["https:\/\/www.univa.mx\/agora\/las-falsas-figuras\/#respond"]}]},{"@type":"WebPage","@id":"https:\/\/www.univa.mx\/agora\/las-falsas-figuras\/","url":"https:\/\/www.univa.mx\/agora\/las-falsas-figuras\/","name":"Las falsas figuras - \u00c1gora","isPartOf":{"@id":"https:\/\/www.univa.mx\/agora\/#website"},"primaryImageOfPage":{"@id":"https:\/\/www.univa.mx\/agora\/las-falsas-figuras\/#primaryimage"},"image":{"@id":"https:\/\/www.univa.mx\/agora\/las-falsas-figuras\/#primaryimage"},"thumbnailUrl":"https:\/\/www.univa.mx\/agora\/wp-content\/uploads\/sites\/14\/2021\/12\/Laura.jpg","datePublished":"2022-01-25T20:36:57+00:00","author":{"@id":"https:\/\/www.univa.mx\/agora\/#\/schema\/person\/64d2681f983b949ff6e4ace270236879"},"breadcrumb":{"@id":"https:\/\/www.univa.mx\/agora\/las-falsas-figuras\/#breadcrumb"},"inLanguage":"es","potentialAction":[{"@type":"ReadAction","target":["https:\/\/www.univa.mx\/agora\/las-falsas-figuras\/"]}]},{"@type":"ImageObject","inLanguage":"es","@id":"https:\/\/www.univa.mx\/agora\/las-falsas-figuras\/#primaryimage","url":"https:\/\/www.univa.mx\/agora\/wp-content\/uploads\/sites\/14\/2021\/12\/Laura.jpg","contentUrl":"https:\/\/www.univa.mx\/agora\/wp-content\/uploads\/sites\/14\/2021\/12\/Laura.jpg","width":1280,"height":720},{"@type":"BreadcrumbList","@id":"https:\/\/www.univa.mx\/agora\/las-falsas-figuras\/#breadcrumb","itemListElement":[{"@type":"ListItem","position":1,"name":"Portada","item":"https:\/\/www.univa.mx\/agora\/"},{"@type":"ListItem","position":2,"name":"Las falsas figuras"}]},{"@type":"WebSite","@id":"https:\/\/www.univa.mx\/agora\/#website","url":"https:\/\/www.univa.mx\/agora\/","name":"\u00c1gora","description":"","potentialAction":[{"@type":"SearchAction","target":{"@type":"EntryPoint","urlTemplate":"https:\/\/www.univa.mx\/agora\/?s={search_term_string}"},"query-input":{"@type":"PropertyValueSpecification","valueRequired":true,"valueName":"search_term_string"}}],"inLanguage":"es"},{"@type":"Person","@id":"https:\/\/www.univa.mx\/agora\/#\/schema\/person\/64d2681f983b949ff6e4ace270236879","name":"Comunicaci\u00f3n Sistema UNIVA","image":{"@type":"ImageObject","inLanguage":"es","@id":"https:\/\/secure.gravatar.com\/avatar\/e5c70e7a9e29f270de612e0fc3ec80dfe6dcaa543bd068051f89740873db7146?s=96&d=mm&r=g","url":"https:\/\/secure.gravatar.com\/avatar\/e5c70e7a9e29f270de612e0fc3ec80dfe6dcaa543bd068051f89740873db7146?s=96&d=mm&r=g","contentUrl":"https:\/\/secure.gravatar.com\/avatar\/e5c70e7a9e29f270de612e0fc3ec80dfe6dcaa543bd068051f89740873db7146?s=96&d=mm&r=g","caption":"Comunicaci\u00f3n Sistema UNIVA"},"url":"https:\/\/www.univa.mx\/agora\/author\/davidrosas\/"}]}},"_links":{"self":[{"href":"https:\/\/www.univa.mx\/agora\/wp-json\/wp\/v2\/posts\/1637","targetHints":{"allow":["GET"]}}],"collection":[{"href":"https:\/\/www.univa.mx\/agora\/wp-json\/wp\/v2\/posts"}],"about":[{"href":"https:\/\/www.univa.mx\/agora\/wp-json\/wp\/v2\/types\/post"}],"author":[{"embeddable":true,"href":"https:\/\/www.univa.mx\/agora\/wp-json\/wp\/v2\/users\/2"}],"replies":[{"embeddable":true,"href":"https:\/\/www.univa.mx\/agora\/wp-json\/wp\/v2\/comments?post=1637"}],"version-history":[{"count":1,"href":"https:\/\/www.univa.mx\/agora\/wp-json\/wp\/v2\/posts\/1637\/revisions"}],"predecessor-version":[{"id":1638,"href":"https:\/\/www.univa.mx\/agora\/wp-json\/wp\/v2\/posts\/1637\/revisions\/1638"}],"wp:featuredmedia":[{"embeddable":true,"href":"https:\/\/www.univa.mx\/agora\/wp-json\/wp\/v2\/media\/1584"}],"wp:attachment":[{"href":"https:\/\/www.univa.mx\/agora\/wp-json\/wp\/v2\/media?parent=1637"}],"wp:term":[{"taxonomy":"category","embeddable":true,"href":"https:\/\/www.univa.mx\/agora\/wp-json\/wp\/v2\/categories?post=1637"},{"taxonomy":"post_tag","embeddable":true,"href":"https:\/\/www.univa.mx\/agora\/wp-json\/wp\/v2\/tags?post=1637"}],"curies":[{"name":"wp","href":"https:\/\/api.w.org\/{rel}","templated":true}]}}